{"id":31091,"date":"2015-10-06T11:53:19","date_gmt":"2015-10-06T08:53:19","guid":{"rendered":"http:\/\/sana.sy\/es\/?p=31091"},"modified":"2015-10-06T11:53:19","modified_gmt":"2015-10-06T08:53:19","slug":"zarif-la-comunidad-internacional-debe-participar-con-serios-esfuerzos-en-la-lucha-contra-el-terrorismo","status":"publish","type":"post","link":"https:\/\/archive.sana.sy\/es\/?p=31091","title":{"rendered":"Zarif: la comunidad internacional debe participar con serios esfuerzos en la lucha contra el terrorismo"},"content":{"rendered":"<p><span style=\"color: #800000\">Teher\u00e1n, SANA<\/span><\/p>\n<p>El ministro de Exteriores iran\u00ed, Mohammad Javad Zarif, lanz\u00f3 un llamado a la comunidad internacional para participar en la lucha contra el terrorismo y el extremismo.<\/p>\n<p>En una entrevista con el canal al-Mayadeen, el canciller iran\u00ed expres\u00f3 su esperanza de que los ataques a\u00e9reos rusos contra las organizaciones terroristas en Siria logren los resultados deseados.<\/p>\n<p>Zarif agreg\u00f3: &#8220;creemos que la comunidad internacional debe participar con serios esfuerzos en la lucha contra el terrorismo y el extremismo en nuestra regi\u00f3n, pero desafortunadamente, hasta ahora no ha habido ninguna acci\u00f3n internacional en esta cuesti\u00f3n y esperamos que la iniciativa rusa logre un cambio en la situaci\u00f3n.&#8221;<br \/>\nFady M., Lynn A.<\/p>\n","protected":false},"excerpt":{"rendered":"<p>Teher\u00e1n, SANA El ministro de Exteriores iran\u00ed, Mohammad Javad Zarif, lanz\u00f3 un llamado a la comunidad internacional para participar en la lucha contra el terrorismo y el extremismo. En una entrevista con el canal al-Mayadeen, el canciller iran\u00ed expres\u00f3 su esperanza de que los ataques a\u00e9reos rusos contra las organizaciones terroristas en Siria logren los &hellip;<\/p>\n","protected":false},"author":24,"featured_media":17418,"comment_status":"closed","ping_status":"closed","sticky":false,"template":"","format":"standard","meta":{"footnotes":""},"categories":[456,457,576],"tags":[6914],"class_list":["post-31091","post","type-post","status-publish","format-standard","has-post-thumbnail","","category-arabe-internacional-politica","category-noticias-arabe-internacional-politica","category-noticias-politicas","tag-zarif-la-comunidad-internacional-debe-participar-con-serios-esfuerzos-en-la-lucha-contra-el-terrorismo"],"_links":{"self":[{"href":"https:\/\/archive.sana.sy\/es\/index.php?rest_route=\/wp\/v2\/posts\/31091"}],"collection":[{"href":"https:\/\/archive.sana.sy\/es\/index.php?rest_route=\/wp\/v2\/posts"}],"about":[{"href":"https:\/\/archive.sana.sy\/es\/index.php?rest_route=\/wp\/v2\/types\/post"}],"author":[{"embeddable":true,"href":"https:\/\/archive.sana.sy\/es\/index.php?rest_route=\/wp\/v2\/users\/24"}],"replies":[{"embeddable":true,"href":"https:\/\/archive.sana.sy\/es\/index.php?rest_route=%2Fwp%2Fv2%2Fcomments&post=31091"}],"version-history":[{"count":0,"href":"https:\/\/archive.sana.sy\/es\/index.php?rest_route=\/wp\/v2\/posts\/31091\/revisions"}],"wp:featuredmedia":[{"embeddable":true,"href":"https:\/\/archive.sana.sy\/es\/index.php?rest_route=\/wp\/v2\/media\/17418"}],"wp:attachment":[{"href":"https:\/\/archive.sana.sy\/es\/index.php?rest_route=%2Fwp%2Fv2%2Fmedia&parent=31091"}],"wp:term":[{"taxonomy":"category","embeddable":true,"href":"https:\/\/archive.sana.sy\/es\/index.php?rest_route=%2Fwp%2Fv2%2Fcategories&post=31091"},{"taxonomy":"post_tag","embeddable":true,"href":"https:\/\/archive.sana.sy\/es\/index.php?rest_route=%2Fwp%2Fv2%2Ftags&post=31091"}],"curies":[{"name":"wp","href":"https:\/\/api.w.org\/{rel}","templated":true}]}}