{"id":310916,"date":"2023-10-10T18:22:49","date_gmt":"2023-10-10T15:22:49","guid":{"rendered":"https:\/\/sana.sy\/es\/?p=310916"},"modified":"2023-10-10T19:24:28","modified_gmt":"2023-10-10T16:24:28","slug":"iraq-llama-a-rusia-a-intervenir-para-cesar-agresiones-israelies-contra-el-territorio-palestino-ocupado","status":"publish","type":"post","link":"https:\/\/archive.sana.sy\/es\/?p=310916","title":{"rendered":"Iraq llama a Rusia a intervenir para cesar agresiones israel\u00edes contra el territorio palestino ocupado"},"content":{"rendered":"<p style=\"text-align: justify\"><span style=\"color: #800000\"><strong>Mosc\u00fa, 10 oct (SANA)<\/strong> <\/span>El primer ministro iraqu\u00ed, Muhammad Shia Al-Sudani, invit\u00f3 a Rusia a adoptar medidas urgentes junto con los miembros permanentes del Consejo de Seguridad de la ONU para cesar de inmediato las agresiones israel\u00edes contra los territorios palestinos ocupados.<\/p>\n<p style=\"text-align: justify\">Estas postura fue expresada por Al-Sudani durante una reuni\u00f3n que sostuvo este martes con el Presidente ruso Vladimir Putin en Mosc\u00fa.<\/p>\n<p style=\"text-align: justify\">Seg\u00fan la Agencia de Noticias Iraqu\u00ed, el Jefe del Gabinete iraqu\u00ed se\u00f1al\u00f3 que \u201cla posici\u00f3n de Iraq es firme con respecto a la Causa palestina y el derecho del pueblo palestino a vivir con dignidad y justicia\u201d.<\/p>\n<p style=\"text-align: justify\">Asimismo pidi\u00f3 a \u201cRusia y a los miembros permanentes del CSNU a reaccionar de forma urgente para detener las agresiones que se est\u00e1 llevando a cabo \u201cIsrael\u201d contra el territorio palestino ocupado.<\/p>\n<p style=\"text-align: justify\">El presidente Putin confirm\u00f3 a su vez que \u201cse est\u00e1n tomando medidas y esfuerzos para poner fin a las peligrosas repercusiones en la seguridad que claramente est\u00e1n aumentando\u201d.<\/p>\n<p style=\"text-align: justify\">la<\/p>\n","protected":false},"excerpt":{"rendered":"<p>Mosc\u00fa, 10 oct (SANA) El primer ministro iraqu\u00ed, Muhammad Shia Al-Sudani, invit\u00f3 a Rusia a adoptar medidas urgentes junto con los miembros permanentes del Consejo de Seguridad de la ONU para cesar de inmediato las agresiones israel\u00edes contra los territorios palestinos ocupados. Estas postura fue expresada por Al-Sudani durante una reuni\u00f3n que sostuvo este martes &hellip;<\/p>\n","protected":false},"author":24,"featured_media":310917,"comment_status":"closed","ping_status":"closed","sticky":false,"template":"","format":"standard","meta":{"footnotes":""},"categories":[597,456,16687,20724,7541],"tags":[20697,12002,5835,6695],"class_list":["post-310916","post","type-post","status-publish","format-standard","has-post-thumbnail","","category-cinta-de-noticias","category-arabe-internacional-politica","category-internacionales","category-minuto-a-minuto","category-ultimas-noticias","tag-agresion-israeli","tag-gaza","tag-iraq","tag-rusia"],"_links":{"self":[{"href":"https:\/\/archive.sana.sy\/es\/index.php?rest_route=\/wp\/v2\/posts\/310916"}],"collection":[{"href":"https:\/\/archive.sana.sy\/es\/index.php?rest_route=\/wp\/v2\/posts"}],"about":[{"href":"https:\/\/archive.sana.sy\/es\/index.php?rest_route=\/wp\/v2\/types\/post"}],"author":[{"embeddable":true,"href":"https:\/\/archive.sana.sy\/es\/index.php?rest_route=\/wp\/v2\/users\/24"}],"replies":[{"embeddable":true,"href":"https:\/\/archive.sana.sy\/es\/index.php?rest_route=%2Fwp%2Fv2%2Fcomments&post=310916"}],"version-history":[{"count":1,"href":"https:\/\/archive.sana.sy\/es\/index.php?rest_route=\/wp\/v2\/posts\/310916\/revisions"}],"predecessor-version":[{"id":310918,"href":"https:\/\/archive.sana.sy\/es\/index.php?rest_route=\/wp\/v2\/posts\/310916\/revisions\/310918"}],"wp:featuredmedia":[{"embeddable":true,"href":"https:\/\/archive.sana.sy\/es\/index.php?rest_route=\/wp\/v2\/media\/310917"}],"wp:attachment":[{"href":"https:\/\/archive.sana.sy\/es\/index.php?rest_route=%2Fwp%2Fv2%2Fmedia&parent=310916"}],"wp:term":[{"taxonomy":"category","embeddable":true,"href":"https:\/\/archive.sana.sy\/es\/index.php?rest_route=%2Fwp%2Fv2%2Fcategories&post=310916"},{"taxonomy":"post_tag","embeddable":true,"href":"https:\/\/archive.sana.sy\/es\/index.php?rest_route=%2Fwp%2Fv2%2Ftags&post=310916"}],"curies":[{"name":"wp","href":"https:\/\/api.w.org\/{rel}","templated":true}]}}