{"id":31093,"date":"2015-10-06T12:12:09","date_gmt":"2015-10-06T09:12:09","guid":{"rendered":"http:\/\/sana.sy\/es\/?p=31093"},"modified":"2015-10-06T12:19:40","modified_gmt":"2015-10-06T09:19:40","slug":"bogdanov-rusia-no-tiene-intencion-de-participar-en-una-operacion-terrestre-en-siria","status":"publish","type":"post","link":"https:\/\/archive.sana.sy\/es\/?p=31093","title":{"rendered":"Bogdanov: Rusia no tiene intenci\u00f3n de participar en una operaci\u00f3n terrestre en Siria"},"content":{"rendered":"<p><span style=\"color: #800000\">Mosc\u00fa, SANA<\/span><\/p>\n<p>El Representante Especial del Presidente de Rusia para \u00c1frica y Medio Oriente, el vicecanciller Mikhail Bogdanov, dijo que Rusia no tiene intenci\u00f3n de participar en una operaci\u00f3n terrestre en Siria.<\/p>\n<p>Bogdanov dijo en una declaraci\u00f3n este martes, que el presidente Vladimir Putin habl\u00f3 de eso de forma exacta, diciendo que Rusia no iba a participar en una operaci\u00f3n de este tipo.&#8221;<\/p>\n<p>La Fuerza A\u00e9rea de Rusia ha iniciado sus operaciones militares contra las organizaciones terroristas en Siria a petici\u00f3n de Siria despu\u00e9s de la aprobaci\u00f3n del Consejo de Federaci\u00f3n rusa.<\/p>\n<div><\/div>\n<p><span style=\"color: #0000ff\">Bogdanov: Rusia rechaza establecer una zona de exclusi\u00f3n a\u00e9rea sobre Siria<\/span><\/p>\n<p>Anteriormente,\u00a0Bogdanov declar\u00f3 que su pa\u00eds respeta la soberan\u00eda del Estado sirio y rechaza establecer una zona de exclusi\u00f3n a\u00e9rea sobre el territorio sirio.<\/p>\n<p>Bogdanov dijo a los periodistas en Mosc\u00fa al comentar la idea de una zona de seguridad sobre Siria como consecuencia de los recientes acontecimientos en la regi\u00f3n, &#8220;estamos en contra de eso y debemos respetar la soberan\u00eda de Siria&#8221;, y agreg\u00f3 que esta idea no se basa en la Carta de las Naciones Unidas y no responde al Derecho Internacional.<\/p>\n<p>El presidente del Parlamento Europeo, Martin Schulz, hab\u00eda anuncido durante una reuni\u00f3n en Bruselas con el primer ministro turco Recep Erdogan, que la demanda de este \u00faltimo sobre la creaci\u00f3n de una &#8220;zona de seguridad&#8221; en Siria requiere una resoluci\u00f3n del Consejo de Seguridad de la ONU.<\/p>\n<p>&nbsp;<\/p>\n<p>Fady M., Lynn A.<\/p>\n","protected":false},"excerpt":{"rendered":"<p>Mosc\u00fa, SANA El Representante Especial del Presidente de Rusia para \u00c1frica y Medio Oriente, el vicecanciller Mikhail Bogdanov, dijo que Rusia no tiene intenci\u00f3n de participar en una operaci\u00f3n terrestre en Siria. Bogdanov dijo en una declaraci\u00f3n este martes, que el presidente Vladimir Putin habl\u00f3 de eso de forma exacta, diciendo que Rusia no iba &hellip;<\/p>\n","protected":false},"author":24,"featured_media":24761,"comment_status":"closed","ping_status":"closed","sticky":false,"template":"","format":"standard","meta":{"footnotes":""},"categories":[456,457,576],"tags":[6915],"class_list":["post-31093","post","type-post","status-publish","format-standard","has-post-thumbnail","","category-arabe-internacional-politica","category-noticias-arabe-internacional-politica","category-noticias-politicas","tag-bogdanov-rusia-no-tiene-intencion-de-participar-en-una-operacion-terrestre-en-siria"],"_links":{"self":[{"href":"https:\/\/archive.sana.sy\/es\/index.php?rest_route=\/wp\/v2\/posts\/31093"}],"collection":[{"href":"https:\/\/archive.sana.sy\/es\/index.php?rest_route=\/wp\/v2\/posts"}],"about":[{"href":"https:\/\/archive.sana.sy\/es\/index.php?rest_route=\/wp\/v2\/types\/post"}],"author":[{"embeddable":true,"href":"https:\/\/archive.sana.sy\/es\/index.php?rest_route=\/wp\/v2\/users\/24"}],"replies":[{"embeddable":true,"href":"https:\/\/archive.sana.sy\/es\/index.php?rest_route=%2Fwp%2Fv2%2Fcomments&post=31093"}],"version-history":[{"count":0,"href":"https:\/\/archive.sana.sy\/es\/index.php?rest_route=\/wp\/v2\/posts\/31093\/revisions"}],"wp:featuredmedia":[{"embeddable":true,"href":"https:\/\/archive.sana.sy\/es\/index.php?rest_route=\/wp\/v2\/media\/24761"}],"wp:attachment":[{"href":"https:\/\/archive.sana.sy\/es\/index.php?rest_route=%2Fwp%2Fv2%2Fmedia&parent=31093"}],"wp:term":[{"taxonomy":"category","embeddable":true,"href":"https:\/\/archive.sana.sy\/es\/index.php?rest_route=%2Fwp%2Fv2%2Fcategories&post=31093"},{"taxonomy":"post_tag","embeddable":true,"href":"https:\/\/archive.sana.sy\/es\/index.php?rest_route=%2Fwp%2Fv2%2Ftags&post=31093"}],"curies":[{"name":"wp","href":"https:\/\/api.w.org\/{rel}","templated":true}]}}