{"id":310934,"date":"2023-10-10T20:05:04","date_gmt":"2023-10-10T17:05:04","guid":{"rendered":"https:\/\/sana.sy\/es\/?p=310934"},"modified":"2023-10-10T20:05:24","modified_gmt":"2023-10-10T17:05:24","slug":"fuerzas-ocupantes-atacan-con-bombas-de-fosforo-zonas-en-el-sur-del-libano","status":"publish","type":"post","link":"https:\/\/archive.sana.sy\/es\/?p=310934","title":{"rendered":"Fuerzas israel\u00edes atacan con bombas de f\u00f3sforo zonas en el sur del L\u00edbano"},"content":{"rendered":"<p style=\"text-align: justify\"><span style=\"color: #800000\"><strong>Beirut, 10 oct (SANA)<\/strong> <\/span>Las fuerzas israel\u00edes bombardearon la zona de las granjas de Shebaa y las colinas de Kafr Shuba, con aviones en el sur del L\u00edbano, asimismo sus cazas realizaron vuelos de reconocimiento hostiles a baja altura.<\/p>\n<p style=\"text-align: justify\">Conforme a la Agencia Nacional de Noticias Libanesa, la artiller\u00eda de las fuerzas ocupantes bombardearon tambi\u00e9n las zonas de Bastra, Wadi Khansa, y las afueras de Kafar Shuba.<\/p>\n<p style=\"text-align: justify\">La agencia agreg\u00f3 que las fuerzas israel\u00edes dispararon bombas de f\u00f3sforo, prohibidas internacionalmente, contra las cercan\u00edas de las ciudades de Al-Mari y Al-Majidiya.<\/p>\n<p style=\"text-align: justify\">la<\/p>\n","protected":false},"excerpt":{"rendered":"<p>Beirut, 10 oct (SANA) Las fuerzas israel\u00edes bombardearon la zona de las granjas de Shebaa y las colinas de Kafr Shuba, con aviones en el sur del L\u00edbano, asimismo sus cazas realizaron vuelos de reconocimiento hostiles a baja altura. Conforme a la Agencia Nacional de Noticias Libanesa, la artiller\u00eda de las fuerzas ocupantes bombardearon tambi\u00e9n &hellip;<\/p>\n","protected":false},"author":24,"featured_media":310935,"comment_status":"closed","ping_status":"closed","sticky":false,"template":"","format":"standard","meta":{"footnotes":""},"categories":[597,456,16687],"tags":[22400,22116],"class_list":["post-310934","post","type-post","status-publish","format-standard","has-post-thumbnail","","category-cinta-de-noticias","category-arabe-internacional-politica","category-internacionales","tag-el-sur-del-libano","tag-fuerzas-israelies"],"_links":{"self":[{"href":"https:\/\/archive.sana.sy\/es\/index.php?rest_route=\/wp\/v2\/posts\/310934"}],"collection":[{"href":"https:\/\/archive.sana.sy\/es\/index.php?rest_route=\/wp\/v2\/posts"}],"about":[{"href":"https:\/\/archive.sana.sy\/es\/index.php?rest_route=\/wp\/v2\/types\/post"}],"author":[{"embeddable":true,"href":"https:\/\/archive.sana.sy\/es\/index.php?rest_route=\/wp\/v2\/users\/24"}],"replies":[{"embeddable":true,"href":"https:\/\/archive.sana.sy\/es\/index.php?rest_route=%2Fwp%2Fv2%2Fcomments&post=310934"}],"version-history":[{"count":2,"href":"https:\/\/archive.sana.sy\/es\/index.php?rest_route=\/wp\/v2\/posts\/310934\/revisions"}],"predecessor-version":[{"id":310937,"href":"https:\/\/archive.sana.sy\/es\/index.php?rest_route=\/wp\/v2\/posts\/310934\/revisions\/310937"}],"wp:featuredmedia":[{"embeddable":true,"href":"https:\/\/archive.sana.sy\/es\/index.php?rest_route=\/wp\/v2\/media\/310935"}],"wp:attachment":[{"href":"https:\/\/archive.sana.sy\/es\/index.php?rest_route=%2Fwp%2Fv2%2Fmedia&parent=310934"}],"wp:term":[{"taxonomy":"category","embeddable":true,"href":"https:\/\/archive.sana.sy\/es\/index.php?rest_route=%2Fwp%2Fv2%2Fcategories&post=310934"},{"taxonomy":"post_tag","embeddable":true,"href":"https:\/\/archive.sana.sy\/es\/index.php?rest_route=%2Fwp%2Fv2%2Ftags&post=310934"}],"curies":[{"name":"wp","href":"https:\/\/api.w.org\/{rel}","templated":true}]}}