{"id":310950,"date":"2023-10-11T09:28:28","date_gmt":"2023-10-11T06:28:28","guid":{"rendered":"https:\/\/sana.sy\/es\/?p=310950"},"modified":"2023-10-11T09:44:11","modified_gmt":"2023-10-11T06:44:11","slug":"testimonios-de-un-periodista-palestino-en-gaza","status":"publish","type":"post","link":"https:\/\/archive.sana.sy\/es\/?p=310950","title":{"rendered":"Testimonios de un periodista palestino en Gaza"},"content":{"rendered":"<blockquote>\n<p style=\"text-align: justify;\"><span style=\"color: #800000;\">Todo el lugar tiembla, al igual que el propio cuerpo. Diriges tu atenci\u00f3n a la radio, desesperado por saber d\u00f3nde se est\u00e1n produciendo estos bombardeos. Internamente ruegas no estar dentro de una casa cuando caiga la pr\u00f3xima bomba, pero a pesar de todo, las bombas siguen cayendo, los ni\u00f1os lloran, las mujeres gritan.<\/span><\/p>\n<\/blockquote>\n<p style=\"text-align: justify;\"><span style=\"color: #800000;\"><strong>Gaza, 11 oct (SANA)<\/strong> <\/span>La Franja de Gaza suma hoy cinco d\u00edas bajo brutales bombardeos del ej\u00e9rcito de ocupaci\u00f3n israel\u00ed, as\u00ed como un bloqueo total que incluye el cese del suministro de electricidad, alimentos, combustible y agua.<\/p>\n<p style=\"text-align: justify;\">SANA en Espa\u00f1ol transmite a continuaci\u00f3n el testimonio del periodista palestino Adham Al-Hajjar, habitante de la Franja de Gaza que en 2018 result\u00f3 baleado mientras ejerc\u00eda su labor y hasta la actualidad sufre secuelas:<\/p>\n<p style=\"text-align: justify;\">\u201cHoy es el quinto d\u00eda de guerra en Gaza. Desde la ma\u00f1ana, los aviones de combate atacan incesantemente. Los ni\u00f1os, que llevan mucho tiempo sin dormir, se despiertan agotados y aterrorizados a cualquier hora. Mientras te sientas, tratando de escuchar la radio por encima del ruido de los aviones que vuelan sobre ti, te vuelves inquietantemente consciente del sonido de las bombas.<\/p>\n<p style=\"text-align: justify;\">Todo el lugar tiembla, al igual que el propio cuerpo. Diriges tu atenci\u00f3n a la radio, desesperado por saber d\u00f3nde se est\u00e1n produciendo estos bombardeos. Internamente ruegas no estar dentro de una casa cuando caiga la pr\u00f3xima bomba, pero a pesar de todo, las bombas siguen cayendo, los ni\u00f1os lloran, las mujeres gritan.<\/p>\n<p style=\"text-align: justify;\">Buscas fren\u00e9ticamente se\u00f1ales de humo fuera de tu casa y miras a tus vecinos, que buscan refugio en las casas de los dem\u00e1s, mientras los aviones vigilan todo desde el cielo.<\/p>\n<p style=\"text-align: justify;\">A medida que se acerca la noche, los latidos de tu coraz\u00f3n se aceleran y el miedo crece, ya que la noche promete ser larga, con m\u00e1s bombardeos, edificios derrumb\u00e1ndose y ni\u00f1os llorando sin cesar.<\/p>\n<p style=\"text-align: justify;\">Este miedo se refleja en los ojos de las mujeres de la comunidad. No hay luz, no hay agua. Todos viven inmersos en este terror. La oscuridad de la noche se intensifica, acompa\u00f1ada del sonido ensordecedor de los aviones y el derrumbe de casas con personas atrapadas en su interior.<\/p>\n<p style=\"text-align: justify;\">En medio de todo esto, piensas: \u00abAhora somos los siguientes\u00bb. Escribo estas palabras porque vi llorar a mi hermano. Lo que est\u00e1 pasando en el barrio es una imagen de m\u00e1s mujeres llorando, gente corriendo de un lado a otro y todos esperando ansiosamente la informaci\u00f3n que tra\u00edan las personas que se aventuraron a salir.<\/p>\n<p style=\"text-align: justify;\">Estoy aqu\u00ed, mirando por la ventana, esperando saber si es nuestro turno. El miedo lo impregna todo, en casa, en la calle, y domina la incertidumbre. Las personas salen con sus vecinos y se unen a otros en el camino, saliendo juntos, sin rumbo definido, sin saber cu\u00e1ndo podr\u00e1n regresar ni d\u00f3nde encontrar seguridad. \u00bfPor qu\u00e9 tanta violencia?\u201d<\/p>\n<p style=\"text-align: justify;\"><strong>fm\/ws<\/strong><\/p>\n<p style=\"text-align: justify;\">\n","protected":false},"excerpt":{"rendered":"<p>Todo el lugar tiembla, al igual que el propio cuerpo. Diriges tu atenci\u00f3n a la radio, desesperado por saber d\u00f3nde se est\u00e1n produciendo estos bombardeos. Internamente ruegas no estar dentro de una casa cuando caiga la pr\u00f3xima bomba, pero a pesar de todo, las bombas siguen cayendo, los ni\u00f1os lloran, las mujeres gritan. Gaza, 11 &hellip;<\/p>\n","protected":false},"author":35,"featured_media":310951,"comment_status":"closed","ping_status":"closed","sticky":false,"template":"","format":"standard","meta":{"footnotes":""},"categories":[597,456,16687,583],"tags":[],"class_list":["post-310950","post","type-post","status-publish","format-standard","has-post-thumbnail","","category-cinta-de-noticias","category-arabe-internacional-politica","category-internacionales","category-slide"],"_links":{"self":[{"href":"https:\/\/archive.sana.sy\/es\/index.php?rest_route=\/wp\/v2\/posts\/310950"}],"collection":[{"href":"https:\/\/archive.sana.sy\/es\/index.php?rest_route=\/wp\/v2\/posts"}],"about":[{"href":"https:\/\/archive.sana.sy\/es\/index.php?rest_route=\/wp\/v2\/types\/post"}],"author":[{"embeddable":true,"href":"https:\/\/archive.sana.sy\/es\/index.php?rest_route=\/wp\/v2\/users\/35"}],"replies":[{"embeddable":true,"href":"https:\/\/archive.sana.sy\/es\/index.php?rest_route=%2Fwp%2Fv2%2Fcomments&post=310950"}],"version-history":[{"count":3,"href":"https:\/\/archive.sana.sy\/es\/index.php?rest_route=\/wp\/v2\/posts\/310950\/revisions"}],"predecessor-version":[{"id":310954,"href":"https:\/\/archive.sana.sy\/es\/index.php?rest_route=\/wp\/v2\/posts\/310950\/revisions\/310954"}],"wp:featuredmedia":[{"embeddable":true,"href":"https:\/\/archive.sana.sy\/es\/index.php?rest_route=\/wp\/v2\/media\/310951"}],"wp:attachment":[{"href":"https:\/\/archive.sana.sy\/es\/index.php?rest_route=%2Fwp%2Fv2%2Fmedia&parent=310950"}],"wp:term":[{"taxonomy":"category","embeddable":true,"href":"https:\/\/archive.sana.sy\/es\/index.php?rest_route=%2Fwp%2Fv2%2Fcategories&post=310950"},{"taxonomy":"post_tag","embeddable":true,"href":"https:\/\/archive.sana.sy\/es\/index.php?rest_route=%2Fwp%2Fv2%2Ftags&post=310950"}],"curies":[{"name":"wp","href":"https:\/\/api.w.org\/{rel}","templated":true}]}}