{"id":310955,"date":"2023-10-11T10:09:26","date_gmt":"2023-10-11T07:09:26","guid":{"rendered":"https:\/\/sana.sy\/es\/?p=310955"},"modified":"2023-10-11T10:09:41","modified_gmt":"2023-10-11T07:09:41","slug":"gaza-resiste-palestina-existe-protesta-en-chile-contra-los-bombardeos-israeli-contra-gaza","status":"publish","type":"post","link":"https:\/\/archive.sana.sy\/es\/?p=310955","title":{"rendered":"\u201cGaza resiste, Palestina existe\u201d: Protesta en Chile contra los bombardeos israel\u00ed contra Gaza"},"content":{"rendered":"<p style=\"text-align: justify;\"><strong><span style=\"color: #800000;\">Santiago de Chile, 11 oct (SANA)\u00a0<\/span>\u00a0<\/strong> Miembros de la comunidad palestina en Chile realizaron una velada en solidaridad con Gaza, ante los bombardeos israel\u00edes y el bloqueo total a ese territorio mediante la interrupci\u00f3n de los suministros de electricidad, agua y alimentos.<\/p>\n<p style=\"text-align: justify;\">\u201cGaza resiste, Palestina existe\u201d, coreaban las cientos de personas concentradas anoche frente a la sede en esta capital de la Comisi\u00f3n Econ\u00f3mica para Am\u00e9rica Latina y el Caribe (Cepal), uno de los organismos regionales de la ONU, inform\u00f3 la agencia cubana Prensa Latina<\/p>\n<p style=\"text-align: justify;\">Los manifestantes demandaron la intervenci\u00f3n de la Organizaci\u00f3n de Naciones Unidas para la protecci\u00f3n de los habitantes de los territorios ocupados.<\/p>\n<p style=\"text-align: justify;\">En una conferencia de prensa ofrecida, la embajadora de Palestina en Chile, Vera Baboun, reivindic\u00f3 el derecho de su pueblo a la leg\u00edtima defensa, luego de a\u00f1os de agresiones, bloqueos, masacres a civiles y ataques a lugares sagrados.<\/p>\n<p style=\"text-align: justify;\"><strong>fm\/ws<\/strong><\/p>\n","protected":false},"excerpt":{"rendered":"<p>Santiago de Chile, 11 oct (SANA)\u00a0\u00a0 Miembros de la comunidad palestina en Chile realizaron una velada en solidaridad con Gaza, ante los bombardeos israel\u00edes y el bloqueo total a ese territorio mediante la interrupci\u00f3n de los suministros de electricidad, agua y alimentos. \u201cGaza resiste, Palestina existe\u201d, coreaban las cientos de personas concentradas anoche frente a &hellip;<\/p>\n","protected":false},"author":35,"featured_media":310956,"comment_status":"closed","ping_status":"closed","sticky":false,"template":"","format":"standard","meta":{"footnotes":""},"categories":[597,456,16687,20724,7541],"tags":[],"class_list":["post-310955","post","type-post","status-publish","format-standard","has-post-thumbnail","","category-cinta-de-noticias","category-arabe-internacional-politica","category-internacionales","category-minuto-a-minuto","category-ultimas-noticias"],"_links":{"self":[{"href":"https:\/\/archive.sana.sy\/es\/index.php?rest_route=\/wp\/v2\/posts\/310955"}],"collection":[{"href":"https:\/\/archive.sana.sy\/es\/index.php?rest_route=\/wp\/v2\/posts"}],"about":[{"href":"https:\/\/archive.sana.sy\/es\/index.php?rest_route=\/wp\/v2\/types\/post"}],"author":[{"embeddable":true,"href":"https:\/\/archive.sana.sy\/es\/index.php?rest_route=\/wp\/v2\/users\/35"}],"replies":[{"embeddable":true,"href":"https:\/\/archive.sana.sy\/es\/index.php?rest_route=%2Fwp%2Fv2%2Fcomments&post=310955"}],"version-history":[{"count":2,"href":"https:\/\/archive.sana.sy\/es\/index.php?rest_route=\/wp\/v2\/posts\/310955\/revisions"}],"predecessor-version":[{"id":310958,"href":"https:\/\/archive.sana.sy\/es\/index.php?rest_route=\/wp\/v2\/posts\/310955\/revisions\/310958"}],"wp:featuredmedia":[{"embeddable":true,"href":"https:\/\/archive.sana.sy\/es\/index.php?rest_route=\/wp\/v2\/media\/310956"}],"wp:attachment":[{"href":"https:\/\/archive.sana.sy\/es\/index.php?rest_route=%2Fwp%2Fv2%2Fmedia&parent=310955"}],"wp:term":[{"taxonomy":"category","embeddable":true,"href":"https:\/\/archive.sana.sy\/es\/index.php?rest_route=%2Fwp%2Fv2%2Fcategories&post=310955"},{"taxonomy":"post_tag","embeddable":true,"href":"https:\/\/archive.sana.sy\/es\/index.php?rest_route=%2Fwp%2Fv2%2Ftags&post=310955"}],"curies":[{"name":"wp","href":"https:\/\/api.w.org\/{rel}","templated":true}]}}