{"id":310962,"date":"2023-10-11T10:44:42","date_gmt":"2023-10-11T07:44:42","guid":{"rendered":"https:\/\/sana.sy\/es\/?p=310962"},"modified":"2023-10-11T12:58:21","modified_gmt":"2023-10-11T09:58:21","slug":"aumenta-a-950-el-saldo-de-martires-palestinos-por-bombardeos-aereos-de-israel-contra-gaza","status":"publish","type":"post","link":"https:\/\/archive.sana.sy\/es\/?p=310962","title":{"rendered":"Aumenta a 1.055 el saldo de m\u00e1rtires palestinos por bombardeos a\u00e9reos de &#8220;Israel&#8221; contra Gaza"},"content":{"rendered":"<blockquote>\n<p style=\"text-align: justify;\"><span style=\"color: #800000;\">En un comunicado, el Ministerio de Salud palestino denunci\u00f3 que 6 miembros de su personal m\u00e9dico perdieron su vida y otros 15 fueron lesionados, as\u00ed como 8 periodistas murieron y otros 20 resultaron heridos mientras cubr\u00edan los ataques israel\u00edes .<\/span><\/p>\n<\/blockquote>\n<p style=\"text-align: justify;\"><span style=\"color: #800000;\"><strong>Jerusal\u00e9n ocupada, 11 oct (SANA)\u00a0<\/strong><\/span> El n\u00famero de los muertos palestinos en la Franja de Gaza aument\u00f3 a 1.055 por los continuos ataques a\u00e9reos de &#8220;Israel&#8221;, anunci\u00f3 hoy el Ministerio de Salud palestino.<\/p>\n<p style=\"text-align: justify;\">Agreg\u00f3 que alrededor de 300 ni\u00f1os y 230 mujeres se encuentran entre los fallecidos, adem\u00e1s de 5.184 heridos.<\/p>\n<p style=\"text-align: justify;\">Mientras tanto, medios palestinos informaron que los aviones del ocupante bombardearon varios sitios en todas las regiones de Gaza, causando una destrucci\u00f3n masiva de propiedades, instalaciones de salud, escuelas, mezquitas y viviendas palestinas.<\/p>\n<p style=\"text-align: justify;\">En un comunicado, el Ministerio de Salud palestino denunci\u00f3 que 6 miembros de su personal m\u00e9dico perdieron su vida y otros 15 fueron lesionados, as\u00ed como 8 periodistas murieron y otros 20 resultaron heridos mientras cubr\u00edan los ataques israel\u00edes .<\/p>\n<p style=\"text-align: justify;\"><strong>ws\/fm<\/strong><\/p>\n","protected":false},"excerpt":{"rendered":"<p>En un comunicado, el Ministerio de Salud palestino denunci\u00f3 que 6 miembros de su personal m\u00e9dico perdieron su vida y otros 15 fueron lesionados, as\u00ed como 8 periodistas murieron y otros 20 resultaron heridos mientras cubr\u00edan los ataques israel\u00edes . Jerusal\u00e9n ocupada, 11 oct (SANA)\u00a0 El n\u00famero de los muertos palestinos en la Franja de &hellip;<\/p>\n","protected":false},"author":35,"featured_media":310963,"comment_status":"closed","ping_status":"closed","sticky":false,"template":"","format":"standard","meta":{"footnotes":""},"categories":[597,456,16687,20724,583],"tags":[],"class_list":["post-310962","post","type-post","status-publish","format-standard","has-post-thumbnail","","category-cinta-de-noticias","category-arabe-internacional-politica","category-internacionales","category-minuto-a-minuto","category-slide"],"_links":{"self":[{"href":"https:\/\/archive.sana.sy\/es\/index.php?rest_route=\/wp\/v2\/posts\/310962"}],"collection":[{"href":"https:\/\/archive.sana.sy\/es\/index.php?rest_route=\/wp\/v2\/posts"}],"about":[{"href":"https:\/\/archive.sana.sy\/es\/index.php?rest_route=\/wp\/v2\/types\/post"}],"author":[{"embeddable":true,"href":"https:\/\/archive.sana.sy\/es\/index.php?rest_route=\/wp\/v2\/users\/35"}],"replies":[{"embeddable":true,"href":"https:\/\/archive.sana.sy\/es\/index.php?rest_route=%2Fwp%2Fv2%2Fcomments&post=310962"}],"version-history":[{"count":4,"href":"https:\/\/archive.sana.sy\/es\/index.php?rest_route=\/wp\/v2\/posts\/310962\/revisions"}],"predecessor-version":[{"id":311017,"href":"https:\/\/archive.sana.sy\/es\/index.php?rest_route=\/wp\/v2\/posts\/310962\/revisions\/311017"}],"wp:featuredmedia":[{"embeddable":true,"href":"https:\/\/archive.sana.sy\/es\/index.php?rest_route=\/wp\/v2\/media\/310963"}],"wp:attachment":[{"href":"https:\/\/archive.sana.sy\/es\/index.php?rest_route=%2Fwp%2Fv2%2Fmedia&parent=310962"}],"wp:term":[{"taxonomy":"category","embeddable":true,"href":"https:\/\/archive.sana.sy\/es\/index.php?rest_route=%2Fwp%2Fv2%2Fcategories&post=310962"},{"taxonomy":"post_tag","embeddable":true,"href":"https:\/\/archive.sana.sy\/es\/index.php?rest_route=%2Fwp%2Fv2%2Ftags&post=310962"}],"curies":[{"name":"wp","href":"https:\/\/api.w.org\/{rel}","templated":true}]}}