{"id":310966,"date":"2023-10-11T10:52:19","date_gmt":"2023-10-11T07:52:19","guid":{"rendered":"https:\/\/sana.sy\/es\/?p=310966"},"modified":"2023-10-11T10:52:49","modified_gmt":"2023-10-11T07:52:49","slug":"miles-de-manifestantes-en-jordania-apoyan-a-los-palestinos-y-denuncian-crimenes-israelies","status":"publish","type":"post","link":"https:\/\/archive.sana.sy\/es\/?p=310966","title":{"rendered":"Miles de manifestantes en Jordania apoyan a los palestinos y denuncian cr\u00edmenes israel\u00edes"},"content":{"rendered":"<p style=\"text-align: justify;\"><span style=\"color: #800000;\"><strong>Am\u00e1n, 11 oct (SANA)\u00a0 \u00a0<\/strong><\/span>Miles de personas marcharon en la capital jordana, Am\u00e1n, para expresar su apoyo al pueblo palestino ante la brutal agresi\u00f3n israel\u00ed contra la Franja de Gaza.<\/p>\n<p style=\"text-align: justify;\">La agencia jordana Petra inform\u00f3 que los manifestantes izaron banderas palestinas y pancartas en apoyo a la operaci\u00f3n &#8220;Diluvio de Al Aqsa&#8221; lanzada por la resistencia palestina.<\/p>\n<p style=\"text-align: justify;\">Asimismo, condenaron el silencio internacional respecto de las brutales masacres cometidas por los israel\u00edes contra Gaza.<\/p>\n<p style=\"text-align: justify;\"><strong>ws\/fm<\/strong><\/p>\n","protected":false},"excerpt":{"rendered":"<p>Am\u00e1n, 11 oct (SANA)\u00a0 \u00a0Miles de personas marcharon en la capital jordana, Am\u00e1n, para expresar su apoyo al pueblo palestino ante la brutal agresi\u00f3n israel\u00ed contra la Franja de Gaza. La agencia jordana Petra inform\u00f3 que los manifestantes izaron banderas palestinas y pancartas en apoyo a la operaci\u00f3n &#8220;Diluvio de Al Aqsa&#8221; lanzada por la &hellip;<\/p>\n","protected":false},"author":35,"featured_media":310967,"comment_status":"closed","ping_status":"closed","sticky":false,"template":"","format":"standard","meta":{"footnotes":""},"categories":[597,456,16687,20724,7541],"tags":[],"class_list":["post-310966","post","type-post","status-publish","format-standard","has-post-thumbnail","","category-cinta-de-noticias","category-arabe-internacional-politica","category-internacionales","category-minuto-a-minuto","category-ultimas-noticias"],"_links":{"self":[{"href":"https:\/\/archive.sana.sy\/es\/index.php?rest_route=\/wp\/v2\/posts\/310966"}],"collection":[{"href":"https:\/\/archive.sana.sy\/es\/index.php?rest_route=\/wp\/v2\/posts"}],"about":[{"href":"https:\/\/archive.sana.sy\/es\/index.php?rest_route=\/wp\/v2\/types\/post"}],"author":[{"embeddable":true,"href":"https:\/\/archive.sana.sy\/es\/index.php?rest_route=\/wp\/v2\/users\/35"}],"replies":[{"embeddable":true,"href":"https:\/\/archive.sana.sy\/es\/index.php?rest_route=%2Fwp%2Fv2%2Fcomments&post=310966"}],"version-history":[{"count":2,"href":"https:\/\/archive.sana.sy\/es\/index.php?rest_route=\/wp\/v2\/posts\/310966\/revisions"}],"predecessor-version":[{"id":310969,"href":"https:\/\/archive.sana.sy\/es\/index.php?rest_route=\/wp\/v2\/posts\/310966\/revisions\/310969"}],"wp:featuredmedia":[{"embeddable":true,"href":"https:\/\/archive.sana.sy\/es\/index.php?rest_route=\/wp\/v2\/media\/310967"}],"wp:attachment":[{"href":"https:\/\/archive.sana.sy\/es\/index.php?rest_route=%2Fwp%2Fv2%2Fmedia&parent=310966"}],"wp:term":[{"taxonomy":"category","embeddable":true,"href":"https:\/\/archive.sana.sy\/es\/index.php?rest_route=%2Fwp%2Fv2%2Fcategories&post=310966"},{"taxonomy":"post_tag","embeddable":true,"href":"https:\/\/archive.sana.sy\/es\/index.php?rest_route=%2Fwp%2Fv2%2Ftags&post=310966"}],"curies":[{"name":"wp","href":"https:\/\/api.w.org\/{rel}","templated":true}]}}