{"id":31101,"date":"2015-10-06T11:58:53","date_gmt":"2015-10-06T08:58:53","guid":{"rendered":"http:\/\/sana.sy\/es\/?p=31101"},"modified":"2015-10-06T11:58:53","modified_gmt":"2015-10-06T08:58:53","slug":"moscu-la-prensa-extranjera-publica-falsas-acusaciones-sobre-las-operaciones-rusas-en-siria","status":"publish","type":"post","link":"https:\/\/archive.sana.sy\/es\/?p=31101","title":{"rendered":"Mosc\u00fa: la prensa extranjera publica falsas acusaciones sobre las operaciones rusas en Siria"},"content":{"rendered":"<p><span style=\"color: #800000\">Mosc\u00fa, SANA<\/span><\/p>\n<p>La portavoz del Ministerio ruso de Exteriores, Mar\u00eda Zakharova, dijo que algunos medios de comunicaci\u00f3n extranjeros alegan la ca\u00edda de v\u00edctimas civiles en Siria como consecuencia de los ataques rusos.<\/p>\n<p>En una entrevista al canal &#8220;Live News&#8221;, Zakharova dijo que &#8220;inmediatamente despu\u00e9s de la implementaci\u00f3n de la decisi\u00f3n del Consejo de la Federaci\u00f3n de Rusia sobre las incursiones contra la organizaci\u00f3n terrorista del Estado Isl\u00e1mico, las p\u00e1ginas de internet publicaron fotos de ni\u00f1os destrozados y alegaron que murieron como resultado de los ataques a\u00e9reos rusos\u201d.<\/p>\n<p>La vocera rusa consider\u00f3 que estas im\u00e1genes son falsas y apuntan a generar dudas sobre la transparencia de Rusia.<\/p>\n<p>El Ministerio de Defensa de Rusia hab\u00eda mostrado que los ataques de la aviaci\u00f3n de Rusia se llevan a cabo en zonas lejanas de las zonas residenciales y a base de informaci\u00f3n de los aviones de reconocimiento que provienen de varias fuentes para evitar da\u00f1os a la poblaci\u00f3n civil.<\/p>\n<p>Fady M., Lynn A.<\/p>\n","protected":false},"excerpt":{"rendered":"<p>Mosc\u00fa, SANA La portavoz del Ministerio ruso de Exteriores, Mar\u00eda Zakharova, dijo que algunos medios de comunicaci\u00f3n extranjeros alegan la ca\u00edda de v\u00edctimas civiles en Siria como consecuencia de los ataques rusos. En una entrevista al canal &#8220;Live News&#8221;, Zakharova dijo que &#8220;inmediatamente despu\u00e9s de la implementaci\u00f3n de la decisi\u00f3n del Consejo de la Federaci\u00f3n &hellip;<\/p>\n","protected":false},"author":24,"featured_media":30162,"comment_status":"closed","ping_status":"closed","sticky":false,"template":"","format":"standard","meta":{"footnotes":""},"categories":[597,456,457,576],"tags":[6918],"class_list":["post-31101","post","type-post","status-publish","format-standard","has-post-thumbnail","","category-cinta-de-noticias","category-arabe-internacional-politica","category-noticias-arabe-internacional-politica","category-noticias-politicas","tag-moscu-la-prensa-extranjera-publica-falsas-acusaciones-sobre-las-operaciones-rusas-en-siria"],"_links":{"self":[{"href":"https:\/\/archive.sana.sy\/es\/index.php?rest_route=\/wp\/v2\/posts\/31101"}],"collection":[{"href":"https:\/\/archive.sana.sy\/es\/index.php?rest_route=\/wp\/v2\/posts"}],"about":[{"href":"https:\/\/archive.sana.sy\/es\/index.php?rest_route=\/wp\/v2\/types\/post"}],"author":[{"embeddable":true,"href":"https:\/\/archive.sana.sy\/es\/index.php?rest_route=\/wp\/v2\/users\/24"}],"replies":[{"embeddable":true,"href":"https:\/\/archive.sana.sy\/es\/index.php?rest_route=%2Fwp%2Fv2%2Fcomments&post=31101"}],"version-history":[{"count":0,"href":"https:\/\/archive.sana.sy\/es\/index.php?rest_route=\/wp\/v2\/posts\/31101\/revisions"}],"wp:featuredmedia":[{"embeddable":true,"href":"https:\/\/archive.sana.sy\/es\/index.php?rest_route=\/wp\/v2\/media\/30162"}],"wp:attachment":[{"href":"https:\/\/archive.sana.sy\/es\/index.php?rest_route=%2Fwp%2Fv2%2Fmedia&parent=31101"}],"wp:term":[{"taxonomy":"category","embeddable":true,"href":"https:\/\/archive.sana.sy\/es\/index.php?rest_route=%2Fwp%2Fv2%2Fcategories&post=31101"},{"taxonomy":"post_tag","embeddable":true,"href":"https:\/\/archive.sana.sy\/es\/index.php?rest_route=%2Fwp%2Fv2%2Ftags&post=31101"}],"curies":[{"name":"wp","href":"https:\/\/api.w.org\/{rel}","templated":true}]}}