{"id":311035,"date":"2023-10-11T15:16:25","date_gmt":"2023-10-11T12:16:25","guid":{"rendered":"https:\/\/sana.sy\/es\/?p=311035"},"modified":"2023-10-11T15:23:06","modified_gmt":"2023-10-11T12:23:06","slug":"canciller-sirio-repasa-con-sus-homologo-de-libano-e-iraq-la-situacion-en-los-territorios-palestinos-ocupados","status":"publish","type":"post","link":"https:\/\/archive.sana.sy\/es\/?p=311035","title":{"rendered":"Canciller sirio repasa con sus hom\u00f3logos de L\u00edbano e Iraq la situaci\u00f3n en los territorios palestinos ocupados"},"content":{"rendered":"<blockquote>\n<p style=\"text-align: justify;\"><span style=\"color: #993300;\">Al-Mekdad destac\u00f3 la necesidad de adoptar una posici\u00f3n \u00e1rabe unificada en apoyo al pueblo palestino ante los intentos de liquidar la causa palestina y perpetuar la ocupaci\u00f3n israel\u00ed de los territorios palestinos.<\/span><\/p>\n<\/blockquote>\n<p style=\"text-align: justify;\"><span style=\"color: #800000;\"><strong>El Cairo, 11 oct (SANA)<\/strong> <\/span>El ministro sirio de Asuntos Exteriores y Expatriados, Faisal Al-Mekdad, repas\u00f3 con su hom\u00f3logo iraqu\u00ed Fuad Hussein, los recientes acontecimientos relativos a la actual agresi\u00f3n israel\u00ed contra el Franja de Gaza.<\/p>\n<p style=\"text-align: justify;\">Las dos reuniones tuvieron lugar en El Cairo, la capital egipcia, en el marco de la reuni\u00f3n de emergencia de los ministros de asuntos exteriores \u00e1rabes, en la sede de la Liga de los Estados \u00c1rabes<\/p>\n<p style=\"text-align: justify;\">Los dos ministros condenaron esta agresi\u00f3n criminal contra el pueblo palestino y alertaron de la gravedad de la situaci\u00f3n en Gaza en medio de una escalada israel\u00ed y un apoyo ilimitado por parte de Occidente a Tel Aviv.<\/p>\n<p style=\"text-align: justify;\">Al-Mekdad destac\u00f3 la necesidad de adoptar una posici\u00f3n \u00e1rabe unificada en apoyo al pueblo palestino ante los intentos de liquidar la causa palestina y perpetuar la ocupaci\u00f3n israel\u00ed de los territorios palestinos.<\/p>\n<p style=\"text-align: justify;\">Las dos partes pidieron el cese inmediato de la agresi\u00f3n e instaron a permitir que la ayuda humanitaria llegue a Gaza.<\/p>\n<p style=\"text-align: justify;\">Asimismo, intercambiaron puntos de vista sobre cuestiones regionales y acordaron continuar las consultas y la coordinaci\u00f3n entre los dos pa\u00edses.<\/p>\n<p style=\"text-align: justify;\">El jefe dela diplomacia siria se reuni\u00f3 tambi\u00e9n con el Canciller liban\u00e9s Abdullah Bouhabib, con quien abord\u00f3 la situaci\u00f3n en la regi\u00f3n, especialmente la actual agresi\u00f3n israel\u00ed contra Gaza.<\/p>\n<p style=\"text-align: justify;\">Al-Mekdad destac\u00f3 la importancia de adoptar una posici\u00f3n \u00e1rabe unificada y firme para detener los cr\u00edmenes israel\u00edes contra el pueblo palestino.<\/p>\n<p style=\"text-align: justify;\">FM\/AS<\/p>\n","protected":false},"excerpt":{"rendered":"<p>Al-Mekdad destac\u00f3 la necesidad de adoptar una posici\u00f3n \u00e1rabe unificada en apoyo al pueblo palestino ante los intentos de liquidar la causa palestina y perpetuar la ocupaci\u00f3n israel\u00ed de los territorios palestinos. El Cairo, 11 oct (SANA) El ministro sirio de Asuntos Exteriores y Expatriados, Faisal Al-Mekdad, repas\u00f3 con su hom\u00f3logo iraqu\u00ed Fuad Hussein, los &hellip;<\/p>\n","protected":false},"author":42,"featured_media":311036,"comment_status":"closed","ping_status":"closed","sticky":false,"template":"","format":"standard","meta":{"footnotes":""},"categories":[597,20724,467,583],"tags":[],"class_list":["post-311035","post","type-post","status-publish","format-standard","has-post-thumbnail","","category-cinta-de-noticias","category-minuto-a-minuto","category-siria-y-el-mundo","category-slide"],"_links":{"self":[{"href":"https:\/\/archive.sana.sy\/es\/index.php?rest_route=\/wp\/v2\/posts\/311035"}],"collection":[{"href":"https:\/\/archive.sana.sy\/es\/index.php?rest_route=\/wp\/v2\/posts"}],"about":[{"href":"https:\/\/archive.sana.sy\/es\/index.php?rest_route=\/wp\/v2\/types\/post"}],"author":[{"embeddable":true,"href":"https:\/\/archive.sana.sy\/es\/index.php?rest_route=\/wp\/v2\/users\/42"}],"replies":[{"embeddable":true,"href":"https:\/\/archive.sana.sy\/es\/index.php?rest_route=%2Fwp%2Fv2%2Fcomments&post=311035"}],"version-history":[{"count":2,"href":"https:\/\/archive.sana.sy\/es\/index.php?rest_route=\/wp\/v2\/posts\/311035\/revisions"}],"predecessor-version":[{"id":311038,"href":"https:\/\/archive.sana.sy\/es\/index.php?rest_route=\/wp\/v2\/posts\/311035\/revisions\/311038"}],"wp:featuredmedia":[{"embeddable":true,"href":"https:\/\/archive.sana.sy\/es\/index.php?rest_route=\/wp\/v2\/media\/311036"}],"wp:attachment":[{"href":"https:\/\/archive.sana.sy\/es\/index.php?rest_route=%2Fwp%2Fv2%2Fmedia&parent=311035"}],"wp:term":[{"taxonomy":"category","embeddable":true,"href":"https:\/\/archive.sana.sy\/es\/index.php?rest_route=%2Fwp%2Fv2%2Fcategories&post=311035"},{"taxonomy":"post_tag","embeddable":true,"href":"https:\/\/archive.sana.sy\/es\/index.php?rest_route=%2Fwp%2Fv2%2Ftags&post=311035"}],"curies":[{"name":"wp","href":"https:\/\/api.w.org\/{rel}","templated":true}]}}