{"id":311047,"date":"2023-10-11T16:23:56","date_gmt":"2023-10-11T13:23:56","guid":{"rendered":"https:\/\/sana.sy\/es\/?p=311047"},"modified":"2023-10-11T16:24:31","modified_gmt":"2023-10-11T13:24:31","slug":"mas-de-263-mil-palestinos-fueron-desplazados-de-sus-hogares-en-gaza-por-bombardeos-israelies","status":"publish","type":"post","link":"https:\/\/archive.sana.sy\/es\/?p=311047","title":{"rendered":"M\u00e1s de 263 mil palestinos fueron desplazados de sus hogares en Gaza por bombardeos israel\u00edes"},"content":{"rendered":"<blockquote>\n<p style=\"text-align: justify;\"><span style=\"color: #993300;\">De esa cifra, 175 mil se cobijaron en 88 escuelas y otras instalaciones administradas por la Agencia de Obras P\u00fablicas y Socorro de las Naciones Unidas para los Refugiados de Palestina.<\/span><\/p>\n<\/blockquote>\n<p style=\"text-align: justify;\"><span style=\"color: #800000;\"><strong>Jerusal\u00e9n ocupada, 11 oct (SANA)<\/strong> <\/span>M\u00e1s de 263 mil palestinos fueron deportados de sus hogares en la Franja de Gaza desde el inicio de los bombardeos israel\u00edes, y que causaron m\u00e1s de 1000 muertos y 5000 heridos.<\/p>\n<p style=\"text-align: justify;\">Citada por Prensa Latina, la Oficina de las Naciones Unidas para la Coordinaci\u00f3n de Asuntos Humanitarios (OCHA) inform\u00f3 que 263 mil 934 ciudadanos fueron desplazados de sus hogares, como consecuencia de los ataques.<\/p>\n<p style=\"text-align: justify;\">Agreg\u00f3 que de esa cifra, 175 mil se cobijaron en 88 escuelas y otras instalaciones administradas por la Agencia de Obras P\u00fablicas y Socorro de las Naciones Unidas para los Refugiados de Palestina.<\/p>\n<p style=\"text-align: justify;\">Los ataques a\u00e9reos israel\u00edes da\u00f1aron tambi\u00e9n tres instalaciones utilizadas para agua, saneamiento e higiene, lo cual socava la prestaci\u00f3n de servicios a m\u00e1s de 400 mil personas en la ciudad de Gaza y la zona norte de la Franja, indic\u00f3 OCHA en otro informe anterior.<\/p>\n<p style=\"text-align: justify;\">Advirti\u00f3 sobre las consecuencias de la decisi\u00f3n israel\u00ed de cortar los suministros de agua, electricidad y combustible al enclave costero, donde viven m\u00e1s de dos millones de personas.<\/p>\n<p style=\"text-align: justify;\">FM\/AS<\/p>\n","protected":false},"excerpt":{"rendered":"<p>De esa cifra, 175 mil se cobijaron en 88 escuelas y otras instalaciones administradas por la Agencia de Obras P\u00fablicas y Socorro de las Naciones Unidas para los Refugiados de Palestina. Jerusal\u00e9n ocupada, 11 oct (SANA) M\u00e1s de 263 mil palestinos fueron deportados de sus hogares en la Franja de Gaza desde el inicio de &hellip;<\/p>\n","protected":false},"author":42,"featured_media":311048,"comment_status":"closed","ping_status":"closed","sticky":false,"template":"","format":"standard","meta":{"footnotes":""},"categories":[597,456,16687,20724,7541],"tags":[],"class_list":["post-311047","post","type-post","status-publish","format-standard","has-post-thumbnail","","category-cinta-de-noticias","category-arabe-internacional-politica","category-internacionales","category-minuto-a-minuto","category-ultimas-noticias"],"_links":{"self":[{"href":"https:\/\/archive.sana.sy\/es\/index.php?rest_route=\/wp\/v2\/posts\/311047"}],"collection":[{"href":"https:\/\/archive.sana.sy\/es\/index.php?rest_route=\/wp\/v2\/posts"}],"about":[{"href":"https:\/\/archive.sana.sy\/es\/index.php?rest_route=\/wp\/v2\/types\/post"}],"author":[{"embeddable":true,"href":"https:\/\/archive.sana.sy\/es\/index.php?rest_route=\/wp\/v2\/users\/42"}],"replies":[{"embeddable":true,"href":"https:\/\/archive.sana.sy\/es\/index.php?rest_route=%2Fwp%2Fv2%2Fcomments&post=311047"}],"version-history":[{"count":1,"href":"https:\/\/archive.sana.sy\/es\/index.php?rest_route=\/wp\/v2\/posts\/311047\/revisions"}],"predecessor-version":[{"id":311049,"href":"https:\/\/archive.sana.sy\/es\/index.php?rest_route=\/wp\/v2\/posts\/311047\/revisions\/311049"}],"wp:featuredmedia":[{"embeddable":true,"href":"https:\/\/archive.sana.sy\/es\/index.php?rest_route=\/wp\/v2\/media\/311048"}],"wp:attachment":[{"href":"https:\/\/archive.sana.sy\/es\/index.php?rest_route=%2Fwp%2Fv2%2Fmedia&parent=311047"}],"wp:term":[{"taxonomy":"category","embeddable":true,"href":"https:\/\/archive.sana.sy\/es\/index.php?rest_route=%2Fwp%2Fv2%2Fcategories&post=311047"},{"taxonomy":"post_tag","embeddable":true,"href":"https:\/\/archive.sana.sy\/es\/index.php?rest_route=%2Fwp%2Fv2%2Ftags&post=311047"}],"curies":[{"name":"wp","href":"https:\/\/api.w.org\/{rel}","templated":true}]}}