{"id":31105,"date":"2015-10-05T22:01:15","date_gmt":"2015-10-05T19:01:15","guid":{"rendered":"http:\/\/sana.sy\/es\/?p=31105"},"modified":"2015-10-06T12:02:02","modified_gmt":"2015-10-06T09:02:02","slug":"rohani-la-actual-prioridad-es-para-apoyar-al-gobierno-sirio-en-la-lucha-contra-el-terrorismo","status":"publish","type":"post","link":"https:\/\/archive.sana.sy\/es\/?p=31105","title":{"rendered":"Rohani: la actual prioridad es para apoyar al gobierno sirio en la lucha contra el terrorismo"},"content":{"rendered":"<p><span style=\"color: #800000\">Teher\u00e1n, SANA<\/span><\/p>\n<p>El presidente de Ir\u00e1n, Hassan Rohani, destac\u00f3 la prioridad de apoyar el Estado sirio para que sus fuerzas puedan expulsar a los terroristas.<\/p>\n<p>En una entrevista con la radio nacional de Estados Unidos &#8220;NPR&#8221; efectuada recientemente al margen de su visita a Nueva York para participar en la reuni\u00f3n de la Asamblea General de las Naciones Unidas, el mandatario iran\u00ed dijo que &#8220;el asuntos hoy es determinar la prioridad, y en Siria, las reformas pol\u00edticas son necesarias pero la prioridad es para expulsar a los terroristas&#8221;.<\/p>\n<p>Y agreg\u00f3: &#8220;No es malo empezar a realizar discusiones y abrir un di\u00e1logo para alcanzar un plan de acci\u00f3n para aplicarlo despu\u00e9s de la expulsi\u00f3n de los terroristas de la regi\u00f3n&#8221;, subrayando que &#8220;todo el mundo debe comportarse de manera uniforme y que todo el mundo tenga la f\u00f3rmula necesaria para sacar a los terroristas de inmediato.&#8221;<\/p>\n<p>El presidente iran\u00ed hizo hincapi\u00e9 en la importancia de &#8220;aceptar la necesidad de luchar contra los terroristas primero\u201d, indicando que el pueblo sirio es el \u00fanico que tiene derecho a determinar el futuro del pa\u00eds.&#8221;<br \/>\nFady M., Lynn A.<\/p>\n","protected":false},"excerpt":{"rendered":"<p>Teher\u00e1n, SANA El presidente de Ir\u00e1n, Hassan Rohani, destac\u00f3 la prioridad de apoyar el Estado sirio para que sus fuerzas puedan expulsar a los terroristas. En una entrevista con la radio nacional de Estados Unidos &#8220;NPR&#8221; efectuada recientemente al margen de su visita a Nueva York para participar en la reuni\u00f3n de la Asamblea General &hellip;<\/p>\n","protected":false},"author":24,"featured_media":29270,"comment_status":"closed","ping_status":"closed","sticky":false,"template":"","format":"standard","meta":{"footnotes":""},"categories":[456,457,576],"tags":[6920],"class_list":["post-31105","post","type-post","status-publish","format-standard","has-post-thumbnail","","category-arabe-internacional-politica","category-noticias-arabe-internacional-politica","category-noticias-politicas","tag-rohani-la-actual-prioridad-es-para-apoyar-al-gobierno-sirio-en-la-lucha-contra-el-terrorismo"],"_links":{"self":[{"href":"https:\/\/archive.sana.sy\/es\/index.php?rest_route=\/wp\/v2\/posts\/31105"}],"collection":[{"href":"https:\/\/archive.sana.sy\/es\/index.php?rest_route=\/wp\/v2\/posts"}],"about":[{"href":"https:\/\/archive.sana.sy\/es\/index.php?rest_route=\/wp\/v2\/types\/post"}],"author":[{"embeddable":true,"href":"https:\/\/archive.sana.sy\/es\/index.php?rest_route=\/wp\/v2\/users\/24"}],"replies":[{"embeddable":true,"href":"https:\/\/archive.sana.sy\/es\/index.php?rest_route=%2Fwp%2Fv2%2Fcomments&post=31105"}],"version-history":[{"count":0,"href":"https:\/\/archive.sana.sy\/es\/index.php?rest_route=\/wp\/v2\/posts\/31105\/revisions"}],"wp:featuredmedia":[{"embeddable":true,"href":"https:\/\/archive.sana.sy\/es\/index.php?rest_route=\/wp\/v2\/media\/29270"}],"wp:attachment":[{"href":"https:\/\/archive.sana.sy\/es\/index.php?rest_route=%2Fwp%2Fv2%2Fmedia&parent=31105"}],"wp:term":[{"taxonomy":"category","embeddable":true,"href":"https:\/\/archive.sana.sy\/es\/index.php?rest_route=%2Fwp%2Fv2%2Fcategories&post=31105"},{"taxonomy":"post_tag","embeddable":true,"href":"https:\/\/archive.sana.sy\/es\/index.php?rest_route=%2Fwp%2Fv2%2Ftags&post=31105"}],"curies":[{"name":"wp","href":"https:\/\/api.w.org\/{rel}","templated":true}]}}