{"id":311109,"date":"2023-10-12T09:57:31","date_gmt":"2023-10-12T06:57:31","guid":{"rendered":"https:\/\/sana.sy\/es\/?p=311109"},"modified":"2023-10-12T09:57:54","modified_gmt":"2023-10-12T06:57:54","slug":"presidentes-de-siria-e-iran-ratifican-apoyo-al-pueblo-palestino","status":"publish","type":"post","link":"https:\/\/archive.sana.sy\/es\/?p=311109","title":{"rendered":"Presidentes de Siria e Ir\u00e1n ratifican apoyo al pueblo palestino"},"content":{"rendered":"<blockquote>\n<p style=\"text-align: justify;\"><span style=\"color: #800000;\">El presidente Al-Assad consider\u00f3 que las pol\u00edticas sionistas provocan el derramamiento de sangre y subray\u00f3 la necesidad de una acci\u00f3n urgente a nivel \u00e1rabe e isl\u00e1mico para proteger al pueblo palestino, especialmente en la Franja de Gaza, y detener las incursiones israel\u00edes contra ni\u00f1os y mujeres.<\/span><\/p>\n<\/blockquote>\n<p style=\"text-align: justify;\"><span style=\"color: #800000;\"><strong>Damasco, 12 oct (SANA)<\/strong><\/span>\u00a0 El presidente sirio Bashar Al-Assad y su hom\u00f3logo iran\u00ed Ibrahim Raisi, analizaron en una conversaci\u00f3n telef\u00f3nica, la situaci\u00f3n en los territorios palestinos ocupados.<\/p>\n<p style=\"text-align: justify;\">Los dos mandatarios ratificaron el apoyo al pueblo palestino en su enfrentamiento a los cr\u00edmenes israel\u00edes, y su leg\u00edtima resistencia para defender su justa causa y recuperar sus derechos usurpados.<\/p>\n<p style=\"text-align: justify;\">El presidente Al-Assad consider\u00f3 que las pol\u00edticas sionistas provocan el derramamiento de sangre y subray\u00f3 la necesidad de una acci\u00f3n urgente a nivel \u00e1rabe e isl\u00e1mico para proteger al pueblo palestino, especialmente en la Franja de Gaza, y detener las incursiones israel\u00edes contra ni\u00f1os y mujeres.<\/p>\n<p style=\"text-align: justify;\">fm\/ws<\/p>\n","protected":false},"excerpt":{"rendered":"<p>El presidente Al-Assad consider\u00f3 que las pol\u00edticas sionistas provocan el derramamiento de sangre y subray\u00f3 la necesidad de una acci\u00f3n urgente a nivel \u00e1rabe e isl\u00e1mico para proteger al pueblo palestino, especialmente en la Franja de Gaza, y detener las incursiones israel\u00edes contra ni\u00f1os y mujeres. Damasco, 12 oct (SANA)\u00a0 El presidente sirio Bashar Al-Assad &hellip;<\/p>\n","protected":false},"author":35,"featured_media":311110,"comment_status":"closed","ping_status":"closed","sticky":false,"template":"","format":"standard","meta":{"footnotes":""},"categories":[477,447,597,20724,476,16237,583],"tags":[],"class_list":["post-311109","post","type-post","status-publish","format-standard","has-post-thumbnail","","category-noticias-edulcorantes","category-local-politica","category-cinta-de-noticias","category-minuto-a-minuto","category-locales","category-presidence-de-la-republique-arabe-syria","category-slide"],"_links":{"self":[{"href":"https:\/\/archive.sana.sy\/es\/index.php?rest_route=\/wp\/v2\/posts\/311109"}],"collection":[{"href":"https:\/\/archive.sana.sy\/es\/index.php?rest_route=\/wp\/v2\/posts"}],"about":[{"href":"https:\/\/archive.sana.sy\/es\/index.php?rest_route=\/wp\/v2\/types\/post"}],"author":[{"embeddable":true,"href":"https:\/\/archive.sana.sy\/es\/index.php?rest_route=\/wp\/v2\/users\/35"}],"replies":[{"embeddable":true,"href":"https:\/\/archive.sana.sy\/es\/index.php?rest_route=%2Fwp%2Fv2%2Fcomments&post=311109"}],"version-history":[{"count":2,"href":"https:\/\/archive.sana.sy\/es\/index.php?rest_route=\/wp\/v2\/posts\/311109\/revisions"}],"predecessor-version":[{"id":311112,"href":"https:\/\/archive.sana.sy\/es\/index.php?rest_route=\/wp\/v2\/posts\/311109\/revisions\/311112"}],"wp:featuredmedia":[{"embeddable":true,"href":"https:\/\/archive.sana.sy\/es\/index.php?rest_route=\/wp\/v2\/media\/311110"}],"wp:attachment":[{"href":"https:\/\/archive.sana.sy\/es\/index.php?rest_route=%2Fwp%2Fv2%2Fmedia&parent=311109"}],"wp:term":[{"taxonomy":"category","embeddable":true,"href":"https:\/\/archive.sana.sy\/es\/index.php?rest_route=%2Fwp%2Fv2%2Fcategories&post=311109"},{"taxonomy":"post_tag","embeddable":true,"href":"https:\/\/archive.sana.sy\/es\/index.php?rest_route=%2Fwp%2Fv2%2Ftags&post=311109"}],"curies":[{"name":"wp","href":"https:\/\/api.w.org\/{rel}","templated":true}]}}