{"id":311122,"date":"2023-10-12T11:15:44","date_gmt":"2023-10-12T08:15:44","guid":{"rendered":"https:\/\/sana.sy\/es\/?p=311122"},"modified":"2023-10-12T11:16:54","modified_gmt":"2023-10-12T08:16:54","slug":"venezuela-el-pueblo-palestino-no-encontro-en-los-espacios-multilaterales-como-reivindicar-sus-derechos-historicos","status":"publish","type":"post","link":"https:\/\/archive.sana.sy\/es\/?p=311122","title":{"rendered":"Venezuela: El pueblo palestino no encontr\u00f3 en los espacios multilaterales c\u00f3mo reivindicar sus derechos hist\u00f3ricos"},"content":{"rendered":"<blockquote>\n<p style=\"text-align: justify;\"><span style=\"color: #800000;\">&#8220;Han sido d\u00e9cadas de opresi\u00f3n, d\u00e9cadas de humillaci\u00f3n a un pueblo que tiene derecho a su territorio, a su tierra, al desarrollo y a la paz&#8221;, manifest\u00f3 la La vicepresidenta de Venezuela, Delcy Rodr\u00edguez<\/span><\/p>\n<\/blockquote>\n<p style=\"text-align: justify;\"><span style=\"color: #800000;\"><strong>Caracas, 12 oct (SANA)\u00a0<\/strong><\/span> La vicepresidenta de Venezuela, Delcy Rodr\u00edguez, ha llamado a a los pa\u00edses del mundo para unir esfuerzos y apoyar al pueblo de palestina en su enfrentamiento a &#8220;Israel&#8221;.<\/p>\n<p style=\"text-align: justify;\">&#8220;Han sido d\u00e9cadas de opresi\u00f3n, d\u00e9cadas de humillaci\u00f3n a un pueblo que tiene derecho a su territorio, a su tierra, al desarrollo y a la paz&#8221;, manifest\u00f3 la vicepresidenta en una entrevista que concedi\u00f3 a Venezolana de Televisi\u00f3n.<\/p>\n<p style=\"text-align: justify;\">Critic\u00f3 la ausencia de organizaciones internacionales que apoyen al pueblo palestino y sus derechos.<\/p>\n<p style=\"text-align: justify;\">&#8220;El pueblo palestino no encontr\u00f3 en los espacios multilaterales c\u00f3mo reivindicar sus derechos hist\u00f3ricos&#8221;, destac\u00f3.<\/p>\n<p style=\"text-align: justify;\"><strong>ws\/fm<\/strong><\/p>\n","protected":false},"excerpt":{"rendered":"<p>&#8220;Han sido d\u00e9cadas de opresi\u00f3n, d\u00e9cadas de humillaci\u00f3n a un pueblo que tiene derecho a su territorio, a su tierra, al desarrollo y a la paz&#8221;, manifest\u00f3 la La vicepresidenta de Venezuela, Delcy Rodr\u00edguez Caracas, 12 oct (SANA)\u00a0 La vicepresidenta de Venezuela, Delcy Rodr\u00edguez, ha llamado a a los pa\u00edses del mundo para unir esfuerzos &hellip;<\/p>\n","protected":false},"author":35,"featured_media":311123,"comment_status":"closed","ping_status":"closed","sticky":false,"template":"","format":"standard","meta":{"footnotes":""},"categories":[597,456,16687,20724,7541],"tags":[],"class_list":["post-311122","post","type-post","status-publish","format-standard","has-post-thumbnail","","category-cinta-de-noticias","category-arabe-internacional-politica","category-internacionales","category-minuto-a-minuto","category-ultimas-noticias"],"_links":{"self":[{"href":"https:\/\/archive.sana.sy\/es\/index.php?rest_route=\/wp\/v2\/posts\/311122"}],"collection":[{"href":"https:\/\/archive.sana.sy\/es\/index.php?rest_route=\/wp\/v2\/posts"}],"about":[{"href":"https:\/\/archive.sana.sy\/es\/index.php?rest_route=\/wp\/v2\/types\/post"}],"author":[{"embeddable":true,"href":"https:\/\/archive.sana.sy\/es\/index.php?rest_route=\/wp\/v2\/users\/35"}],"replies":[{"embeddable":true,"href":"https:\/\/archive.sana.sy\/es\/index.php?rest_route=%2Fwp%2Fv2%2Fcomments&post=311122"}],"version-history":[{"count":3,"href":"https:\/\/archive.sana.sy\/es\/index.php?rest_route=\/wp\/v2\/posts\/311122\/revisions"}],"predecessor-version":[{"id":311126,"href":"https:\/\/archive.sana.sy\/es\/index.php?rest_route=\/wp\/v2\/posts\/311122\/revisions\/311126"}],"wp:featuredmedia":[{"embeddable":true,"href":"https:\/\/archive.sana.sy\/es\/index.php?rest_route=\/wp\/v2\/media\/311123"}],"wp:attachment":[{"href":"https:\/\/archive.sana.sy\/es\/index.php?rest_route=%2Fwp%2Fv2%2Fmedia&parent=311122"}],"wp:term":[{"taxonomy":"category","embeddable":true,"href":"https:\/\/archive.sana.sy\/es\/index.php?rest_route=%2Fwp%2Fv2%2Fcategories&post=311122"},{"taxonomy":"post_tag","embeddable":true,"href":"https:\/\/archive.sana.sy\/es\/index.php?rest_route=%2Fwp%2Fv2%2Ftags&post=311122"}],"curies":[{"name":"wp","href":"https:\/\/api.w.org\/{rel}","templated":true}]}}