{"id":31117,"date":"2015-10-06T07:57:14","date_gmt":"2015-10-06T04:57:14","guid":{"rendered":"http:\/\/sana.sy\/es\/?p=31117"},"modified":"2015-10-06T13:57:53","modified_gmt":"2015-10-06T10:57:53","slug":"atleta-sirio-gana-medalla-de-oro-en-los-juegos-olimpicos-militares-de-seul","status":"publish","type":"post","link":"https:\/\/archive.sana.sy\/es\/?p=31117","title":{"rendered":"Atleta sirio gana medalla de oro en los Juegos Ol\u00edmpicos Militares de Se\u00fal"},"content":{"rendered":"<p><span style=\"color: #800000\">Se\u00fal, SANA<\/span><\/p>\n<p>El atleta sirio, Mayed Addin Ghazal gan\u00f3 ayer el lunes la medalla de oro en la prueba de salto de altura en el marco de los Juegos Ol\u00edmpicos Militares que se desarrollan actualmente en Corea del Sur.<\/p>\n<p>Ghazal registr\u00f3 un nuevo r\u00e9cord sirio al saltar 2,31 metros, sabiendo que su r\u00e9cord anterior 2,29 metros fue marcado en el Campeonato del Mundo celebrado en el pasado mes de agosto en Pek\u00edn.<\/p>\n<p>Cabe destacar que el atleta sirio calific\u00f3 para las olimpiadas de Brasil 2016 en R\u00edo de Janeiro tras haber ganado una medalla de otro en el marco de la serie de pruebas del gran premio de Asia que se celebr\u00f3 en Tailandia en el pasado mes de junio.<\/p>\n<p>&nbsp;<\/p>\n<p>Lynn A.<\/p>\n","protected":false},"excerpt":{"rendered":"<p>Se\u00fal, SANA El atleta sirio, Mayed Addin Ghazal gan\u00f3 ayer el lunes la medalla de oro en la prueba de salto de altura en el marco de los Juegos Ol\u00edmpicos Militares que se desarrollan actualmente en Corea del Sur. Ghazal registr\u00f3 un nuevo r\u00e9cord sirio al saltar 2,31 metros, sabiendo que su r\u00e9cord anterior 2,29 &hellip;<\/p>\n","protected":false},"author":24,"featured_media":31118,"comment_status":"closed","ping_status":"closed","sticky":false,"template":"","format":"standard","meta":{"footnotes":""},"categories":[494],"tags":[6922],"class_list":["post-31117","post","type-post","status-publish","format-standard","has-post-thumbnail","","category-deportes","tag-atleta-sirio-gana-medalla-de-oro-en-los-juegos-olimpicos-militares-de-seul"],"_links":{"self":[{"href":"https:\/\/archive.sana.sy\/es\/index.php?rest_route=\/wp\/v2\/posts\/31117"}],"collection":[{"href":"https:\/\/archive.sana.sy\/es\/index.php?rest_route=\/wp\/v2\/posts"}],"about":[{"href":"https:\/\/archive.sana.sy\/es\/index.php?rest_route=\/wp\/v2\/types\/post"}],"author":[{"embeddable":true,"href":"https:\/\/archive.sana.sy\/es\/index.php?rest_route=\/wp\/v2\/users\/24"}],"replies":[{"embeddable":true,"href":"https:\/\/archive.sana.sy\/es\/index.php?rest_route=%2Fwp%2Fv2%2Fcomments&post=31117"}],"version-history":[{"count":0,"href":"https:\/\/archive.sana.sy\/es\/index.php?rest_route=\/wp\/v2\/posts\/31117\/revisions"}],"wp:featuredmedia":[{"embeddable":true,"href":"https:\/\/archive.sana.sy\/es\/index.php?rest_route=\/wp\/v2\/media\/31118"}],"wp:attachment":[{"href":"https:\/\/archive.sana.sy\/es\/index.php?rest_route=%2Fwp%2Fv2%2Fmedia&parent=31117"}],"wp:term":[{"taxonomy":"category","embeddable":true,"href":"https:\/\/archive.sana.sy\/es\/index.php?rest_route=%2Fwp%2Fv2%2Fcategories&post=31117"},{"taxonomy":"post_tag","embeddable":true,"href":"https:\/\/archive.sana.sy\/es\/index.php?rest_route=%2Fwp%2Fv2%2Ftags&post=31117"}],"curies":[{"name":"wp","href":"https:\/\/api.w.org\/{rel}","templated":true}]}}