{"id":311284,"date":"2023-10-13T21:38:24","date_gmt":"2023-10-13T18:38:24","guid":{"rendered":"https:\/\/sana.sy\/es\/?p=311284"},"modified":"2023-10-15T18:31:47","modified_gmt":"2023-10-15T15:31:47","slug":"el-presidente-al-assad-recibe-al-canciller-irani","status":"publish","type":"post","link":"https:\/\/archive.sana.sy\/es\/?p=311284","title":{"rendered":"Presidente Al-Assad recibe al Canciller iran\u00ed"},"content":{"rendered":"<blockquote>\n<p style=\"text-align: justify;\"><span style=\"color: #ff6600;\"><strong>\u201cLa continua denegaci\u00f3n del derecho del pueblo palestino a establecer su Estado independiente y vivir con dignidad y libertad es la raz\u00f3n principal de lo que est\u00e1n presenciando los territorios palestinos en la actualidad\u201d, dijo Al-Assad<\/strong><\/span><\/p>\n<\/blockquote>\n<p style=\"text-align: justify;\"><span style=\"color: #800000;\"><strong>Damasco, 13 oct (SANA)\u00a0<\/strong> <\/span>Al recibir en esta capital al ministro iran\u00ed de Asuntos Exteriores, Hossein Amir Abdullahian, , el presidente Bashar Al-Assad afirm\u00f3 su apoyo al pueblo palestino y su lucha leg\u00edtima contra la ocupaci\u00f3n israel\u00ed y por recuperar sus derechos que han sido robados durante m\u00e1s de siete d\u00e9cadas.<\/p>\n<p style=\"text-align: justify;\">Al-Assad denunci\u00f3 las sangrientas pr\u00e1cticas del ej\u00e9rcito de ocupaci\u00f3n que bombardea y desplaza a los civiles en la Franja de Gaza, y destac\u00f3 la necesidad de que todos se unan para detener los cr\u00edmenes cometidos por \u201cIsrael\u201d que est\u00e1 utilizando armas internacionalmente prohibidas contra el pueblo palestino.<\/p>\n<p style=\"text-align: justify;\">El mandatario consider\u00f3 que los cr\u00edmenes y masacres cometidas actualmente constituyen un intento para presionar al pueblo palestino para que renuncie sus derechos leg\u00edtimos.<\/p>\n<p style=\"text-align: justify;\">Seg\u00fan consider\u00f3 Al-Assad, la continua denegaci\u00f3n del derecho del pueblo palestino a establecer su Estado independiente y vivir con dignidad y libertad es la raz\u00f3n principal de lo que est\u00e1n presenciando los territorios palestinos en la actualidad.<\/p>\n<p style=\"text-align: justify;\">La regi\u00f3n no disfrutar\u00e1 de la estabilidad mientras la entidad sionista y los pa\u00edses occidentales contin\u00faen neg\u00e1ndoles a los palestinos sus derechos e intenten sumergir esta verdad hist\u00f3rica y humana, puntualiz\u00f3.<\/p>\n<p style=\"text-align: justify;\">El Presidente agreg\u00f3 que Israel debe implementar las resoluciones internacionales relacionadas con la retirada de los territorios ocupados.<\/p>\n<p style=\"text-align: justify;\">El Presidente Al-Assad y Abdullahian tambi\u00e9n discutieron los acontecimientos en los territorios palestinos ocupados y la peligrosa escalada israel\u00ed contra el pueblo palestino en Gaza y Cisjordania, y subrayaron su apoyo a los derechos leg\u00edtimos del pueblo palestino.<\/p>\n<p style=\"text-align: justify;\">Por su parte, el canciller iran\u00ed recalc\u00f3 la importancia de intensificar los esfuerzos internacionales para frenar los cr\u00edmenes cometidos por la entidad sionista contra el pueblo palestino.<\/p>\n<p style=\"text-align: justify;\"><em><strong><span style=\"color: #000000;\">mm-fm\/sm\/ah<\/span><\/strong><\/em><\/p>\n","protected":false},"excerpt":{"rendered":"<p>\u201cLa continua denegaci\u00f3n del derecho del pueblo palestino a establecer su Estado independiente y vivir con dignidad y libertad es la raz\u00f3n principal de lo que est\u00e1n presenciando los territorios palestinos en la actualidad\u201d, dijo Al-Assad Damasco, 13 oct (SANA)\u00a0 Al recibir en esta capital al ministro iran\u00ed de Asuntos Exteriores, Hossein Amir Abdullahian, , &hellip;<\/p>\n","protected":false},"author":39,"featured_media":311285,"comment_status":"closed","ping_status":"closed","sticky":false,"template":"","format":"standard","meta":{"footnotes":""},"categories":[477,597,20724,476,16237,467,583,626],"tags":[],"class_list":["post-311284","post","type-post","status-publish","format-standard","has-post-thumbnail","","category-noticias-edulcorantes","category-cinta-de-noticias","category-minuto-a-minuto","category-locales","category-presidence-de-la-republique-arabe-syria","category-siria-y-el-mundo","category-slide","category-sr-presidente"],"_links":{"self":[{"href":"https:\/\/archive.sana.sy\/es\/index.php?rest_route=\/wp\/v2\/posts\/311284"}],"collection":[{"href":"https:\/\/archive.sana.sy\/es\/index.php?rest_route=\/wp\/v2\/posts"}],"about":[{"href":"https:\/\/archive.sana.sy\/es\/index.php?rest_route=\/wp\/v2\/types\/post"}],"author":[{"embeddable":true,"href":"https:\/\/archive.sana.sy\/es\/index.php?rest_route=\/wp\/v2\/users\/39"}],"replies":[{"embeddable":true,"href":"https:\/\/archive.sana.sy\/es\/index.php?rest_route=%2Fwp%2Fv2%2Fcomments&post=311284"}],"version-history":[{"count":5,"href":"https:\/\/archive.sana.sy\/es\/index.php?rest_route=\/wp\/v2\/posts\/311284\/revisions"}],"predecessor-version":[{"id":311300,"href":"https:\/\/archive.sana.sy\/es\/index.php?rest_route=\/wp\/v2\/posts\/311284\/revisions\/311300"}],"wp:featuredmedia":[{"embeddable":true,"href":"https:\/\/archive.sana.sy\/es\/index.php?rest_route=\/wp\/v2\/media\/311285"}],"wp:attachment":[{"href":"https:\/\/archive.sana.sy\/es\/index.php?rest_route=%2Fwp%2Fv2%2Fmedia&parent=311284"}],"wp:term":[{"taxonomy":"category","embeddable":true,"href":"https:\/\/archive.sana.sy\/es\/index.php?rest_route=%2Fwp%2Fv2%2Fcategories&post=311284"},{"taxonomy":"post_tag","embeddable":true,"href":"https:\/\/archive.sana.sy\/es\/index.php?rest_route=%2Fwp%2Fv2%2Ftags&post=311284"}],"curies":[{"name":"wp","href":"https:\/\/api.w.org\/{rel}","templated":true}]}}