{"id":311294,"date":"2023-10-14T15:00:06","date_gmt":"2023-10-14T12:00:06","guid":{"rendered":"https:\/\/sana.sy\/es\/?p=311294"},"modified":"2023-10-14T20:12:27","modified_gmt":"2023-10-14T17:12:27","slug":"la-explosion-en-gaza-era-solo-cuestion-de-tiempo","status":"publish","type":"post","link":"https:\/\/archive.sana.sy\/es\/?p=311294","title":{"rendered":"La explosi\u00f3n en Gaza era solo cuesti\u00f3n de tiempo"},"content":{"rendered":"<blockquote>\n<p style=\"text-align: justify;\"><span style=\"color: #993300;\"><strong>A casi una semana del paroxismo de hostilidades entre el Ej\u00e9rcito Israel\u00ed, uno de los m\u00e1s poderosos del mundo, pues posee el arma nuclear -cortes\u00eda de Francia y de la aquiescencia c\u00f3mplice estadounidense-, y la resistencia palestina, llueven las tergiversaciones sobre ese conflicto.<\/strong><\/span><\/p>\n<p style=\"text-align: justify;\"><span style=\"color: #993300;\"><strong>La primera es considerar que la incursi\u00f3n de los milicianos palestinos el 7 de octubre fue el detonante del conflicto: la conflagraci\u00f3n arde hace 75 a\u00f1os, desde el inicio de la ocupaci\u00f3n militar israel\u00ed.<\/strong><\/span><\/p>\n<\/blockquote>\n<p style=\"text-align: justify;\"><span style=\"color: #800000;\"><strong>Damasco, 14 oct (SANA)<\/strong><\/span> Nostradamus, un jud\u00edo converso de oficio boticario que en el siglo XVI convenci\u00f3 a miles de contempor\u00e1neos de ser capaz de ver en el futuro, mencion\u00f3 entre sus predicciones que la III Guerra Mundial comenzar\u00e1 en Jerusal\u00e9n.<\/p>\n<p style=\"text-align: justify;\">Los estudiosos de las cuartetas en las cuales plasm\u00f3 sus augurios en lengua provenzal aseguran que muchos se han cumplido, pero, si as\u00ed fuera, puede que en el caso de la pr\u00f3xima conflagraci\u00f3n planetaria haya fallado en cientos de kil\u00f3metros porque la guerra ya comenz\u00f3, pero en la franja de Gaza, cientos de kil\u00f3metros al oeste de la ciudad que los musulmanes llaman Al Quds.<\/p>\n<p style=\"text-align: justify;\">A casi una semana del paroxismo de hostilidades entre el Ej\u00e9rcito Israel\u00ed, uno de los m\u00e1s poderosos del mundo, pues posee el arma nuclear -cortes\u00eda de Francia y de la aquiescencia c\u00f3mplice estadounidense-, y miembros de las organizaciones Hamas (Fervor, en \u00e1rabe) y Yihad Isl\u00e1mica, llueven las tergiversaciones sobre ese conflicto.<\/p>\n<p style=\"text-align: justify;\">La primera es considerar que la incursi\u00f3n de los milicianos palestinos el 7 de octubre fue el detonante del conflicto: la conflagraci\u00f3n arde hace 75 a\u00f1os, desde el inicio de la ocupaci\u00f3n militar israel\u00ed.<\/p>\n<p style=\"text-align: justify;\">Y empeor\u00f3 en los \u00faltimos 17 a\u00f1os, durante los cuales los gazat\u00edes son blanco de ataques a\u00e9reos y artilleros de Tel Aviv, que utiliza ese territorio como pol\u00edgono de prueba para sus t\u00e1cticas militares.<\/p>\n<p style=\"text-align: justify;\"><img loading=\"lazy\" decoding=\"async\" class=\"size-medium wp-image-311295 alignleft\" src=\"http:\/\/sana.sy\/es\/wp-content\/uploads\/2023\/10\/photo_2023-10-14_08-32-24-300x169.jpg\" alt=\"\" width=\"300\" height=\"169\" srcset=\"https:\/\/archive.sana.sy\/es\/wp-content\/uploads\/2023\/10\/photo_2023-10-14_08-32-24-300x169.jpg 300w, https:\/\/archive.sana.sy\/es\/wp-content\/uploads\/2023\/10\/photo_2023-10-14_08-32-24-1024x576.jpg 1024w, https:\/\/archive.sana.sy\/es\/wp-content\/uploads\/2023\/10\/photo_2023-10-14_08-32-24-150x84.jpg 150w, https:\/\/archive.sana.sy\/es\/wp-content\/uploads\/2023\/10\/photo_2023-10-14_08-32-24-768x432.jpg 768w, https:\/\/archive.sana.sy\/es\/wp-content\/uploads\/2023\/10\/photo_2023-10-14_08-32-24.jpg 1280w\" sizes=\"(max-width: 300px) 100vw, 300px\" \/><\/p>\n<p style=\"text-align: justify;\">Sucesivos gobiernos israel\u00edes tampoco dudan en planear y ejecutar asesinatos selectivos de l\u00edderes de Hamas, entre ellos el de Ahmed Yasin, l\u00edder espiritual de esa organizaci\u00f3n, quien poco antes de morir bajo las bombas israel\u00edes, en marzo de 2004, hizo una afirmaci\u00f3n prof\u00e9tica:<\/p>\n<p style=\"text-align: justify;\">\u201cLa resistencia continuar\u00e1 hasta que logremos la victoria o seamos m\u00e1rtires.. (\u2026) Ense\u00f1aremos a Israel una lecci\u00f3n inolvidable\u201d.<\/p>\n<p style=\"text-align: justify;\">Antes a\u00fan, en septiembre de 1997, seis especialistas en asesinatos pol\u00edticos del Mossad, autorizados por el entonces primer ministro Benjam\u00edn Netanyahu, viajaron a Jordania para asesinar a Khalked Meshaal, l\u00edder pol\u00edtico de Hamas, dos de los cuales lo rociaron con una dosis de fentanil, mientras cuatro serv\u00edan de apoyo para la huida.<\/p>\n<p style=\"text-align: justify;\">Aunque la acci\u00f3n fue completada, la evacuaci\u00f3n de los ejecutores fue impedida por los guardaespaldas de Meshaal, quienes lograron capturar a dos de los integrantes del comando.<\/p>\n<p style=\"text-align: justify;\">A partir de ese momento todo el plan devino un esc\u00e1ndalo pol\u00edtico que lleg\u00f3 al punto de crisis cuando el entonces rey de Jordania, Hussein, advirti\u00f3 a Netanyahu que si Meshaal mor\u00eda, ejecutar\u00eda en la horca a los dos israel\u00edes capturados.<\/p>\n<p style=\"text-align: justify;\">La magnitud del problema aconsej\u00f3 al primer ministro israel\u00ed a hacer de tripas coraz\u00f3n y enviar a toda prisa a Jordania el ant\u00eddoto del veneno.<\/p>\n<p style=\"text-align: justify;\">Esos dos casos son solo un bot\u00f3n de muestra de la virulencia con la cual las autoridades de Tel Aviv en todas las tendencias act\u00faan contra la franja de territorio palestino, revestida de una crueldad sistem\u00e1tica por el car\u00e1cter cient\u00edfico contra la poblaci\u00f3n gazat\u00ed.<\/p>\n<p style=\"text-align: justify;\">Resulta un error muy difundido creer que los nazis alemanes fueron los inventores de los campos de concentraci\u00f3n. En realidad, esas instalaciones surgieron en lo que hoy es Sud\u00e1frica durante la guerra anglo-b\u00f3er entre fines del siglo XIX y principios del XX, ideadas por los brit\u00e1nicos para encerrar a sus adversarios holandeses.<\/p>\n<p style=\"text-align: justify;\">La experiencia ser\u00eda replicada a fines del siglo XIX por un gobernador militar espa\u00f1ol en la isla de Cuba, Valeriano Weyler, enviado a la isla caribe\u00f1a en 1896 para apagar el incendio independentista iniciado el a\u00f1o anterior y preservar la \u00faltima joya de la Corona ib\u00e9rica en Am\u00e9rica Latina.<\/p>\n<p style=\"text-align: justify;\">Datos de aceptaci\u00f3n universal cifran en 400 mil los pobladores de zonas rurales cubanas reconcentrados por orden de Weyler de los cuales el 25 por ciento, unos 100 mil, murieron de inanici\u00f3n y enfermedades.<\/p>\n<p style=\"text-align: justify;\">A mediados del siglo pasado, el concepto de eliminaci\u00f3n de opositores alcanz\u00f3 la c\u00faspide en la Alemania nazi con la creaci\u00f3n de los campos de concentraci\u00f3n donde asesin\u00f3 a millones de jud\u00edos, eslavos, cat\u00f3licos, comunistas, gitanos, homosexuales en el paroxismo de su teor\u00eda de raza superior destinada a gobernar el mundo.<\/p>\n<p style=\"text-align: justify;\">Tras la victoria de los aliados, la Uni\u00f3n Sovi\u00e9tica, Estados Unidos y el Reino Unido, en la II Guerra Mundial, parec\u00eda que aquella pesadilla no volver\u00eda a atormentar a la humanidad.<\/p>\n<p style=\"text-align: justify;\">Por parad\u00f3jico que parezca, Israel reeditar\u00eda el drama en el mundo real siete d\u00e9cadas despu\u00e9s en la Franja de Gaza con el apoyo de Estados Unidos y Europa.<\/p>\n<p style=\"text-align: justify;\">Los campos de encierro, en esta ocasi\u00f3n, tendr\u00edan como valor a\u00f1adido que los concentrados, adem\u00e1s de estar bien localizados y listos para su holocausto, producir\u00edan ganancias econ\u00f3micas.<\/p>\n<p style=\"text-align: justify;\">Entre las preguntas que trata de responder uno de los ensayos que llevan adelante Tel Aviv en Gaza est\u00e1: \u00bfresulta posible obligar mediante el hambre a toda una comunidad humana a someterse a una ocupaci\u00f3n extranjera?<\/p>\n<p style=\"text-align: justify;\">Sugestiva interrogante, tanto, que los gobiernos de Israel y de estados Unidos, en colaboraci\u00f3n con Europa, cumplen un riguroso experimento cient\u00edfico destinado a obtener una respuesta definitiva.<\/p>\n<p style=\"text-align: justify;\">El procedimiento comenz\u00f3 con la retirada en la segunda mitad de agosto de 2005 de los asentamientos sionistas en la franja palestina, ordenada por el primer ministro Ariel Sharon y el cierre de todas las entradas y salidas con un bloqueo por aire, mar y tierra, adem\u00e1s de la subordinaci\u00f3n de la econom\u00eda palestina a la estructura gubernamental de Tel Aviv.<\/p>\n<p style=\"text-align: justify;\">Entre las principales fuentes de ingreso de los palestinos est\u00e1n los impuestos aduaneros a sus importaciones y exportaciones, los cuales, en teor\u00eda, son cobrados por las aduanas israel\u00edes para transferirlas a las de la Autoridad Nacional.<\/p>\n<p style=\"text-align: justify;\">Tal proceso no siempre llega al t\u00e9rmino estipulado; con frecuencia, el gobierno israel\u00ed secuestra esos fondos y se los apropia con el pretexto de evitar que vayan a manos de terroristas.<\/p>\n<p style=\"text-align: justify;\">Rese\u00f1ar los persistentes ataques que alguna prensa califica de \u201cofensivas\u201d del poderoso ej\u00e9rcito israel\u00ed contra Gaza con su secuela de muerte y destrucci\u00f3n de instalaciones y residencias civiles, ser\u00eda repetir noticias que a fuerza de cotidianas han dejado de llamar la atenci\u00f3n.<\/p>\n<p style=\"text-align: justify;\">Es en ese contexto de impunidad del gobierno sionista para sus acciones en Gaza y Cisjordania, su expansi\u00f3n territorial y el vandalismo, que sobrevinieron los acontecimientos del pasado 7 de octubre.<\/p>\n<p style=\"text-align: justify;\">Visto desde la \u00f3ptica m\u00e1s desapasionada, era solo cuesti\u00f3n de tiempo que la situaci\u00f3n llegara al punto cr\u00edtico, como ocurri\u00f3.<\/p>\n<p style=\"text-align: justify;\"><span style=\"color: #0000ff;\"><strong>Por Mois\u00e9s Saab Lorenzo<\/strong><\/span><\/p>\n<p style=\"text-align: justify;\"><span style=\"color: #0000ff;\"><strong>Fuente: Prensa Latina<\/strong><\/span><\/p>\n","protected":false},"excerpt":{"rendered":"<p>A casi una semana del paroxismo de hostilidades entre el Ej\u00e9rcito Israel\u00ed, uno de los m\u00e1s poderosos del mundo, pues posee el arma nuclear -cortes\u00eda de Francia y de la aquiescencia c\u00f3mplice estadounidense-, y la resistencia palestina, llueven las tergiversaciones sobre ese conflicto. La primera es considerar que la incursi\u00f3n de los milicianos palestinos el &hellip;<\/p>\n","protected":false},"author":30,"featured_media":311296,"comment_status":"closed","ping_status":"closed","sticky":false,"template":"","format":"standard","meta":{"footnotes":""},"categories":[597,456,16687,20724,583],"tags":[],"class_list":["post-311294","post","type-post","status-publish","format-standard","has-post-thumbnail","","category-cinta-de-noticias","category-arabe-internacional-politica","category-internacionales","category-minuto-a-minuto","category-slide"],"_links":{"self":[{"href":"https:\/\/archive.sana.sy\/es\/index.php?rest_route=\/wp\/v2\/posts\/311294"}],"collection":[{"href":"https:\/\/archive.sana.sy\/es\/index.php?rest_route=\/wp\/v2\/posts"}],"about":[{"href":"https:\/\/archive.sana.sy\/es\/index.php?rest_route=\/wp\/v2\/types\/post"}],"author":[{"embeddable":true,"href":"https:\/\/archive.sana.sy\/es\/index.php?rest_route=\/wp\/v2\/users\/30"}],"replies":[{"embeddable":true,"href":"https:\/\/archive.sana.sy\/es\/index.php?rest_route=%2Fwp%2Fv2%2Fcomments&post=311294"}],"version-history":[{"count":2,"href":"https:\/\/archive.sana.sy\/es\/index.php?rest_route=\/wp\/v2\/posts\/311294\/revisions"}],"predecessor-version":[{"id":311375,"href":"https:\/\/archive.sana.sy\/es\/index.php?rest_route=\/wp\/v2\/posts\/311294\/revisions\/311375"}],"wp:featuredmedia":[{"embeddable":true,"href":"https:\/\/archive.sana.sy\/es\/index.php?rest_route=\/wp\/v2\/media\/311296"}],"wp:attachment":[{"href":"https:\/\/archive.sana.sy\/es\/index.php?rest_route=%2Fwp%2Fv2%2Fmedia&parent=311294"}],"wp:term":[{"taxonomy":"category","embeddable":true,"href":"https:\/\/archive.sana.sy\/es\/index.php?rest_route=%2Fwp%2Fv2%2Fcategories&post=311294"},{"taxonomy":"post_tag","embeddable":true,"href":"https:\/\/archive.sana.sy\/es\/index.php?rest_route=%2Fwp%2Fv2%2Ftags&post=311294"}],"curies":[{"name":"wp","href":"https:\/\/api.w.org\/{rel}","templated":true}]}}