{"id":311310,"date":"2023-10-14T11:37:58","date_gmt":"2023-10-14T08:37:58","guid":{"rendered":"https:\/\/sana.sy\/es\/?p=311310"},"modified":"2023-10-14T20:16:48","modified_gmt":"2023-10-14T17:16:48","slug":"manifestacion-masiva-en-nueva-york-en-apoyo-a-los-palestinos","status":"publish","type":"post","link":"https:\/\/archive.sana.sy\/es\/?p=311310","title":{"rendered":"Manifestaci\u00f3n masiva en Nueva York en apoyo a los palestinos"},"content":{"rendered":"<p style=\"text-align: justify;\"><span style=\"color: #800000;\"><strong>Nueva York, 14 oct (SANA)<\/strong><\/span> El centro de la ciudad de Nueva York fue testigo de una manifestaci\u00f3n masiva que pidi\u00f3 el fin de la ocupaci\u00f3n israel\u00ed y denunci\u00f3 el apoyo de Estados Unidos a \u201cIsrael\u201d y advert\u00eda sobre el peligro de la continuaci\u00f3n de la agresi\u00f3n israel\u00ed en la Franja de Gaza.<\/p>\n<p style=\"text-align: justify;\">La Agence France-Presse inform\u00f3 que los manifestantes, estimados en miles, izaron banderas palestinas en la calle Broadway, muy cerca de Times Square, y pidieron la liberaci\u00f3n de Palestina de la ocupaci\u00f3n israel\u00ed.<\/p>\n<p style=\"text-align: justify;\">Los manifestantes portaban pancartas que confirmaban que \u201cIsrael\u201d hab\u00eda cometido genocidio contra los palestinos y exig\u00edan que Estados Unidos ponga fin a su apoyo a Israel.<\/p>\n<p style=\"text-align: justify;\"><em><strong>fm\/ah<\/strong><\/em><\/p>\n","protected":false},"excerpt":{"rendered":"<p>Nueva York, 14 oct (SANA) El centro de la ciudad de Nueva York fue testigo de una manifestaci\u00f3n masiva que pidi\u00f3 el fin de la ocupaci\u00f3n israel\u00ed y denunci\u00f3 el apoyo de Estados Unidos a \u201cIsrael\u201d y advert\u00eda sobre el peligro de la continuaci\u00f3n de la agresi\u00f3n israel\u00ed en la Franja de Gaza. La Agence &hellip;<\/p>\n","protected":false},"author":30,"featured_media":311311,"comment_status":"closed","ping_status":"closed","sticky":false,"template":"","format":"standard","meta":{"footnotes":""},"categories":[597,456,16687,20724,7541],"tags":[],"class_list":["post-311310","post","type-post","status-publish","format-standard","has-post-thumbnail","","category-cinta-de-noticias","category-arabe-internacional-politica","category-internacionales","category-minuto-a-minuto","category-ultimas-noticias"],"_links":{"self":[{"href":"https:\/\/archive.sana.sy\/es\/index.php?rest_route=\/wp\/v2\/posts\/311310"}],"collection":[{"href":"https:\/\/archive.sana.sy\/es\/index.php?rest_route=\/wp\/v2\/posts"}],"about":[{"href":"https:\/\/archive.sana.sy\/es\/index.php?rest_route=\/wp\/v2\/types\/post"}],"author":[{"embeddable":true,"href":"https:\/\/archive.sana.sy\/es\/index.php?rest_route=\/wp\/v2\/users\/30"}],"replies":[{"embeddable":true,"href":"https:\/\/archive.sana.sy\/es\/index.php?rest_route=%2Fwp%2Fv2%2Fcomments&post=311310"}],"version-history":[{"count":1,"href":"https:\/\/archive.sana.sy\/es\/index.php?rest_route=\/wp\/v2\/posts\/311310\/revisions"}],"predecessor-version":[{"id":311312,"href":"https:\/\/archive.sana.sy\/es\/index.php?rest_route=\/wp\/v2\/posts\/311310\/revisions\/311312"}],"wp:featuredmedia":[{"embeddable":true,"href":"https:\/\/archive.sana.sy\/es\/index.php?rest_route=\/wp\/v2\/media\/311311"}],"wp:attachment":[{"href":"https:\/\/archive.sana.sy\/es\/index.php?rest_route=%2Fwp%2Fv2%2Fmedia&parent=311310"}],"wp:term":[{"taxonomy":"category","embeddable":true,"href":"https:\/\/archive.sana.sy\/es\/index.php?rest_route=%2Fwp%2Fv2%2Fcategories&post=311310"},{"taxonomy":"post_tag","embeddable":true,"href":"https:\/\/archive.sana.sy\/es\/index.php?rest_route=%2Fwp%2Fv2%2Ftags&post=311310"}],"curies":[{"name":"wp","href":"https:\/\/api.w.org\/{rel}","templated":true}]}}