{"id":311323,"date":"2023-10-14T13:25:33","date_gmt":"2023-10-14T10:25:33","guid":{"rendered":"https:\/\/sana.sy\/es\/?p=311323"},"modified":"2023-10-14T13:25:33","modified_gmt":"2023-10-14T10:25:33","slug":"la-resistencia-palestina-cruzo-la-valla-de-separacion-al-este-de-khan-yunis-y-ataco-concentraciones-de-tropas-israelies-y-destruyo-tres-vehiculos-militares","status":"publish","type":"post","link":"https:\/\/archive.sana.sy\/es\/?p=311323","title":{"rendered":"La Resistencia palestina cruz\u00f3 la valla de separaci\u00f3n al este de Khan Yunis y atac\u00f3 concentraciones de\u00a0 tropas israel\u00edes y destruy\u00f3 tres veh\u00edculos militares."},"content":{"rendered":"","protected":false},"excerpt":{"rendered":"","protected":false},"author":32,"featured_media":0,"comment_status":"closed","ping_status":"closed","sticky":false,"template":"","format":"standard","meta":{"footnotes":""},"categories":[20724,596],"tags":[],"class_list":["post-311323","post","type-post","status-publish","format-standard","","category-minuto-a-minuto","category-urgente"],"_links":{"self":[{"href":"https:\/\/archive.sana.sy\/es\/index.php?rest_route=\/wp\/v2\/posts\/311323"}],"collection":[{"href":"https:\/\/archive.sana.sy\/es\/index.php?rest_route=\/wp\/v2\/posts"}],"about":[{"href":"https:\/\/archive.sana.sy\/es\/index.php?rest_route=\/wp\/v2\/types\/post"}],"author":[{"embeddable":true,"href":"https:\/\/archive.sana.sy\/es\/index.php?rest_route=\/wp\/v2\/users\/32"}],"replies":[{"embeddable":true,"href":"https:\/\/archive.sana.sy\/es\/index.php?rest_route=%2Fwp%2Fv2%2Fcomments&post=311323"}],"version-history":[{"count":1,"href":"https:\/\/archive.sana.sy\/es\/index.php?rest_route=\/wp\/v2\/posts\/311323\/revisions"}],"predecessor-version":[{"id":311324,"href":"https:\/\/archive.sana.sy\/es\/index.php?rest_route=\/wp\/v2\/posts\/311323\/revisions\/311324"}],"wp:attachment":[{"href":"https:\/\/archive.sana.sy\/es\/index.php?rest_route=%2Fwp%2Fv2%2Fmedia&parent=311323"}],"wp:term":[{"taxonomy":"category","embeddable":true,"href":"https:\/\/archive.sana.sy\/es\/index.php?rest_route=%2Fwp%2Fv2%2Fcategories&post=311323"},{"taxonomy":"post_tag","embeddable":true,"href":"https:\/\/archive.sana.sy\/es\/index.php?rest_route=%2Fwp%2Fv2%2Ftags&post=311323"}],"curies":[{"name":"wp","href":"https:\/\/api.w.org\/{rel}","templated":true}]}}