{"id":31135,"date":"2015-10-06T19:12:29","date_gmt":"2015-10-06T16:12:29","guid":{"rendered":"http:\/\/sana.sy\/es\/?p=31135"},"modified":"2015-10-06T19:12:29","modified_gmt":"2015-10-06T16:12:29","slug":"essebsi-la-conferencia-de-amigos-de-siria-celebrada-en-tunez-fue-un-error","status":"publish","type":"post","link":"https:\/\/archive.sana.sy\/es\/?p=31135","title":{"rendered":"Essebsi: la conferencia de &#8216;Amigos de Siria&#8217; celebrada en T\u00fanez fue un error"},"content":{"rendered":"<p style=\"text-align: justify\"><span style=\"color: #800000\">T\u00fanez, SANA<\/span>&#8211; Presidente de T\u00fanez Beyi Caid Essebsi, explic\u00f3 que la llamada conferencia de &#8220;Amigos de Siria&#8221;, que se celebr\u00f3 en T\u00fanez en 2012, fue un error, y expres\u00f3 la disposici\u00f3n de T\u00fanez para coordinar con los pa\u00edses \u00e1rabes para cristalizar una iniciativa que acelera el di\u00e1logo hacia una soluci\u00f3n pol\u00edtica en Siria.<\/p>\n<p style=\"text-align: justify\">El presidente agreg\u00f3 en una entrevista concedida al peri\u00f3dico tunecino al-Shorouq, el martes que es una verg\u00fcenza para todos \u00e1rabes el hecho de quedarse al margen de lo que est\u00e1 pasando en Siria, considerando al mismo tiempo que lo que est\u00e1 sucediendo en Siria es m\u00e1s importante de cualquier otro tema.<\/p>\n<p style=\"text-align: justify\">En cuanto a la posibilidad del regreso de los terroristas tunecinos que luchan en Siria, el mandatario tunecino dijo &#8220;nosotros no impedimos cualquier tunecino de regresar a su pa\u00eds, sean que sean sus defectos, esta es nuestra pol\u00edtica\u201d.<\/p>\n<p style=\"text-align: justify\">Seg\u00fan las estad\u00edsticas oficiales de T\u00fanez, miles de tunecinos se han unido a las organizaciones terroristas en Siria, y algunos de ellos fueron detenidos inmediatamente despu\u00e9s de su regreso a T\u00fanez.<\/p>\n<p>M.Miri<\/p>\n","protected":false},"excerpt":{"rendered":"<p>T\u00fanez, SANA&#8211; Presidente de T\u00fanez Beyi Caid Essebsi, explic\u00f3 que la llamada conferencia de &#8220;Amigos de Siria&#8221;, que se celebr\u00f3 en T\u00fanez en 2012, fue un error, y expres\u00f3 la disposici\u00f3n de T\u00fanez para coordinar con los pa\u00edses \u00e1rabes para cristalizar una iniciativa que acelera el di\u00e1logo hacia una soluci\u00f3n pol\u00edtica en Siria. El presidente &hellip;<\/p>\n","protected":false},"author":1,"featured_media":31136,"comment_status":"closed","ping_status":"closed","sticky":false,"template":"","format":"standard","meta":{"footnotes":""},"categories":[456,457,576],"tags":[6926],"class_list":["post-31135","post","type-post","status-publish","format-standard","has-post-thumbnail","","category-arabe-internacional-politica","category-noticias-arabe-internacional-politica","category-noticias-politicas","tag-essebsi-la-conferencia-de-amigos-de-siria-celebrada-en-tunez-fue-un-error"],"_links":{"self":[{"href":"https:\/\/archive.sana.sy\/es\/index.php?rest_route=\/wp\/v2\/posts\/31135"}],"collection":[{"href":"https:\/\/archive.sana.sy\/es\/index.php?rest_route=\/wp\/v2\/posts"}],"about":[{"href":"https:\/\/archive.sana.sy\/es\/index.php?rest_route=\/wp\/v2\/types\/post"}],"author":[{"embeddable":true,"href":"https:\/\/archive.sana.sy\/es\/index.php?rest_route=\/wp\/v2\/users\/1"}],"replies":[{"embeddable":true,"href":"https:\/\/archive.sana.sy\/es\/index.php?rest_route=%2Fwp%2Fv2%2Fcomments&post=31135"}],"version-history":[{"count":0,"href":"https:\/\/archive.sana.sy\/es\/index.php?rest_route=\/wp\/v2\/posts\/31135\/revisions"}],"wp:featuredmedia":[{"embeddable":true,"href":"https:\/\/archive.sana.sy\/es\/index.php?rest_route=\/wp\/v2\/media\/31136"}],"wp:attachment":[{"href":"https:\/\/archive.sana.sy\/es\/index.php?rest_route=%2Fwp%2Fv2%2Fmedia&parent=31135"}],"wp:term":[{"taxonomy":"category","embeddable":true,"href":"https:\/\/archive.sana.sy\/es\/index.php?rest_route=%2Fwp%2Fv2%2Fcategories&post=31135"},{"taxonomy":"post_tag","embeddable":true,"href":"https:\/\/archive.sana.sy\/es\/index.php?rest_route=%2Fwp%2Fv2%2Ftags&post=31135"}],"curies":[{"name":"wp","href":"https:\/\/api.w.org\/{rel}","templated":true}]}}