{"id":311353,"date":"2023-10-14T17:32:03","date_gmt":"2023-10-14T14:32:03","guid":{"rendered":"https:\/\/sana.sy\/es\/?p=311353"},"modified":"2023-10-14T17:32:03","modified_gmt":"2023-10-14T14:32:03","slug":"siria-israel-comete-limpieza-etnica-en-gaza-y-pretende-expulsar-a-los-palestinos-al-sinai-e-egipto","status":"publish","type":"post","link":"https:\/\/archive.sana.sy\/es\/?p=311353","title":{"rendered":"Siria: \u201cIsrael\u201d comete limpieza \u00e9tnica en Gaza y pretende expulsar a los palestinos al Sina\u00ed e Egipto"},"content":{"rendered":"<p style=\"text-align: justify;\"><span style=\"color: #800000;\"><strong>Damasco, 14 oct (SANA)\u00a0<\/strong><\/span> \u00a0 El Gobierno sirio denunci\u00f3 hoy que \u201cIsrael\u201d est\u00e1 cometiendo una limpieza \u00e9tnica contra los palestinos al intentar deportar a 2.3 millones de palestinos en la Franja de Gaza.<\/p>\n<p style=\"text-align: justify;\">\u201cIsrael desvel\u00f3 sus intenciones verdaderas al exigir abiertamente, junto con sus aliados, que 2.3 millones de ciudadanos palestinos en la Franja de Gaza, sean trasladados al Sina\u00ed, fuera de Palestina\u201d, afirm\u00f3 el Ministerio de Asuntos Exteriores de Siria.<\/p>\n<p style=\"text-align: justify;\">Agreg\u00f3 que &#8220;Israel&#8221; adopt\u00f3 la pol\u00edtica de limpieza \u00e9tnica contra los palestinos, expuls\u00e1ndolos de su tierra y sustituy\u00e9ndolos con colonos, en lugar de su pueblo original.<\/p>\n<p style=\"text-align: justify;\">\u201cLa Ley Internacional, el Derecho Internacional Humanitario y la Ley de Derechos Humanos no justifican estos llamados sionistas, especialmente porque lo que se exige mundialmente es que el pueblo palestino ejerza su derecho a regresar a su tierra\u201d, precis\u00f3 el comunicado de la Canciller\u00eda.<\/p>\n<p style=\"text-align: justify;\">Explic\u00f3 que \u201ca cambio, \u00a8Israel\u00a8 implementa durante su agresi\u00f3n contra la Franja de Gaza una pol\u00edtica de tierra arrasada para obligar a los palestinos a abandonar Palestina hacia el Sina\u00ed, en un escenario similar a la tragedia de 1948, e impedir que ning\u00fan palestino regrese a su tierra\u201d.<\/p>\n<p style=\"text-align: justify;\">Siria reitera su rechazo a las pol\u00edticas de deportaci\u00f3n de car\u00e1cter colonial-sionista, y pide a Estados Unidos y Occidente que no se involucren en este crimen e impidan que \u201cIsrael\u201d lo cometa, ya que viola todos los principios humanitarios y civilizadores, y hace que estos pa\u00edses sean c\u00f3mplices en los cr\u00edmenes de guerra y de lesa humanidad cometidos por \u201cIsrael\u201d, concluy\u00f3 la Canciller\u00eda su declaraci\u00f3n.<\/p>\n<p>fm\/rr<\/p>\n","protected":false},"excerpt":{"rendered":"<p>Damasco, 14 oct (SANA)\u00a0 \u00a0 El Gobierno sirio denunci\u00f3 hoy que \u201cIsrael\u201d est\u00e1 cometiendo una limpieza \u00e9tnica contra los palestinos al intentar deportar a 2.3 millones de palestinos en la Franja de Gaza. \u201cIsrael desvel\u00f3 sus intenciones verdaderas al exigir abiertamente, junto con sus aliados, que 2.3 millones de ciudadanos palestinos en la Franja de &hellip;<\/p>\n","protected":false},"author":31,"featured_media":311354,"comment_status":"closed","ping_status":"closed","sticky":false,"template":"","format":"standard","meta":{"footnotes":""},"categories":[597,476,583],"tags":[12002,1494,6553],"class_list":["post-311353","post","type-post","status-publish","format-standard","has-post-thumbnail","","category-cinta-de-noticias","category-locales","category-slide","tag-gaza","tag-palestina","tag-siria"],"_links":{"self":[{"href":"https:\/\/archive.sana.sy\/es\/index.php?rest_route=\/wp\/v2\/posts\/311353"}],"collection":[{"href":"https:\/\/archive.sana.sy\/es\/index.php?rest_route=\/wp\/v2\/posts"}],"about":[{"href":"https:\/\/archive.sana.sy\/es\/index.php?rest_route=\/wp\/v2\/types\/post"}],"author":[{"embeddable":true,"href":"https:\/\/archive.sana.sy\/es\/index.php?rest_route=\/wp\/v2\/users\/31"}],"replies":[{"embeddable":true,"href":"https:\/\/archive.sana.sy\/es\/index.php?rest_route=%2Fwp%2Fv2%2Fcomments&post=311353"}],"version-history":[{"count":1,"href":"https:\/\/archive.sana.sy\/es\/index.php?rest_route=\/wp\/v2\/posts\/311353\/revisions"}],"predecessor-version":[{"id":311355,"href":"https:\/\/archive.sana.sy\/es\/index.php?rest_route=\/wp\/v2\/posts\/311353\/revisions\/311355"}],"wp:featuredmedia":[{"embeddable":true,"href":"https:\/\/archive.sana.sy\/es\/index.php?rest_route=\/wp\/v2\/media\/311354"}],"wp:attachment":[{"href":"https:\/\/archive.sana.sy\/es\/index.php?rest_route=%2Fwp%2Fv2%2Fmedia&parent=311353"}],"wp:term":[{"taxonomy":"category","embeddable":true,"href":"https:\/\/archive.sana.sy\/es\/index.php?rest_route=%2Fwp%2Fv2%2Fcategories&post=311353"},{"taxonomy":"post_tag","embeddable":true,"href":"https:\/\/archive.sana.sy\/es\/index.php?rest_route=%2Fwp%2Fv2%2Ftags&post=311353"}],"curies":[{"name":"wp","href":"https:\/\/api.w.org\/{rel}","templated":true}]}}