{"id":311363,"date":"2023-10-14T19:21:41","date_gmt":"2023-10-14T16:21:41","guid":{"rendered":"https:\/\/sana.sy\/es\/?p=311363"},"modified":"2023-10-14T19:21:41","modified_gmt":"2023-10-14T16:21:41","slug":"iran-condena-los-intentos-de-expulsar-al-pueblo-palestino-de-la-franja-de-gaza","status":"publish","type":"post","link":"https:\/\/archive.sana.sy\/es\/?p=311363","title":{"rendered":"Ir\u00e1n condena los intentos de expulsar al pueblo palestino de la Franja de Gaza"},"content":{"rendered":"<p style=\"text-align: justify;\"><span style=\"color: #800000;\"><strong>Teher\u00e1n, 14 oct (SANA)\u00a0<\/strong><\/span> \u00a0El portavoz del Ministerio de Asuntos Exteriores iran\u00ed, Nasser Kanaani, conden\u00f3 hoy los intentos de las autoridades de ocupaci\u00f3n israel\u00edes de desplazar por la fuerza al pueblo palestino de la Franja de Gaza.<\/p>\n<p style=\"text-align: justify;\">Consider\u00f3 que esto tiene como objetivo endurecer el cerco, cortar el agua y la electricidad e impedir la entrega de alimentos y medicinas a Gaza.<\/p>\n<p style=\"text-align: justify;\">&#8220;Este acto es un claro ejemplo de cr\u00edmenes de guerra y violaciones flagrantes de las leyes y regulaciones internacionales&#8221;, se\u00f1al\u00f3 el vocero.<\/p>\n<p style=\"text-align: justify;\">Kanaani llam\u00f3 a los foros internacionales, incluida Naciones Unidas, a tomar medidas disuasorias inmediatas y efectivas para detener los cr\u00edmenes cometidos por la entidad sionista.<\/p>\n<p style=\"text-align: justify;\">rr<\/p>\n","protected":false},"excerpt":{"rendered":"<p>Teher\u00e1n, 14 oct (SANA)\u00a0 \u00a0El portavoz del Ministerio de Asuntos Exteriores iran\u00ed, Nasser Kanaani, conden\u00f3 hoy los intentos de las autoridades de ocupaci\u00f3n israel\u00edes de desplazar por la fuerza al pueblo palestino de la Franja de Gaza. Consider\u00f3 que esto tiene como objetivo endurecer el cerco, cortar el agua y la electricidad e impedir la &hellip;<\/p>\n","protected":false},"author":31,"featured_media":311364,"comment_status":"closed","ping_status":"closed","sticky":false,"template":"","format":"standard","meta":{"footnotes":""},"categories":[597,456,16687,7541],"tags":[12002,2866,1494],"class_list":["post-311363","post","type-post","status-publish","format-standard","has-post-thumbnail","","category-cinta-de-noticias","category-arabe-internacional-politica","category-internacionales","category-ultimas-noticias","tag-gaza","tag-iran","tag-palestina"],"_links":{"self":[{"href":"https:\/\/archive.sana.sy\/es\/index.php?rest_route=\/wp\/v2\/posts\/311363"}],"collection":[{"href":"https:\/\/archive.sana.sy\/es\/index.php?rest_route=\/wp\/v2\/posts"}],"about":[{"href":"https:\/\/archive.sana.sy\/es\/index.php?rest_route=\/wp\/v2\/types\/post"}],"author":[{"embeddable":true,"href":"https:\/\/archive.sana.sy\/es\/index.php?rest_route=\/wp\/v2\/users\/31"}],"replies":[{"embeddable":true,"href":"https:\/\/archive.sana.sy\/es\/index.php?rest_route=%2Fwp%2Fv2%2Fcomments&post=311363"}],"version-history":[{"count":1,"href":"https:\/\/archive.sana.sy\/es\/index.php?rest_route=\/wp\/v2\/posts\/311363\/revisions"}],"predecessor-version":[{"id":311365,"href":"https:\/\/archive.sana.sy\/es\/index.php?rest_route=\/wp\/v2\/posts\/311363\/revisions\/311365"}],"wp:featuredmedia":[{"embeddable":true,"href":"https:\/\/archive.sana.sy\/es\/index.php?rest_route=\/wp\/v2\/media\/311364"}],"wp:attachment":[{"href":"https:\/\/archive.sana.sy\/es\/index.php?rest_route=%2Fwp%2Fv2%2Fmedia&parent=311363"}],"wp:term":[{"taxonomy":"category","embeddable":true,"href":"https:\/\/archive.sana.sy\/es\/index.php?rest_route=%2Fwp%2Fv2%2Fcategories&post=311363"},{"taxonomy":"post_tag","embeddable":true,"href":"https:\/\/archive.sana.sy\/es\/index.php?rest_route=%2Fwp%2Fv2%2Ftags&post=311363"}],"curies":[{"name":"wp","href":"https:\/\/api.w.org\/{rel}","templated":true}]}}