{"id":311377,"date":"2023-10-14T20:33:18","date_gmt":"2023-10-14T17:33:18","guid":{"rendered":"https:\/\/sana.sy\/es\/?p=311377"},"modified":"2023-10-14T20:33:18","modified_gmt":"2023-10-14T17:33:18","slug":"siria-retira-su-participacion-en-la-feria-internacional-de-libro-de-frankfurt-en-solidaridad-con-palestina","status":"publish","type":"post","link":"https:\/\/archive.sana.sy\/es\/?p=311377","title":{"rendered":"Siria retira su participaci\u00f3n en la Feria Internacional de Libro de Frankfurt en solidaridad con Palestina"},"content":{"rendered":"<p style=\"text-align: justify;\"><span style=\"color: #800000;\"><strong>Damasco, 14 oct (SANA)\u00a0<\/strong> <\/span>\u00a0El Sindicato de Editores Sirios anunci\u00f3 hoy que retir\u00f3 su participaci\u00f3n en la Feria Internacional del Libro de Frankfurt debido a la posici\u00f3n de la direcci\u00f3n de este evento y su claro sesgo contra las posiciones de los pueblos \u00e1rabe y palestino.<\/p>\n<p style=\"text-align: justify;\">La Uni\u00f3n conden\u00f3 en\u00e9rgicamente las pr\u00e1cticas de la ocupaci\u00f3n israel\u00ed y la injusta agresi\u00f3n contra Gaza.<\/p>\n<p style=\"text-align: justify;\">El presidente del Sindicato de Editores de Siria, Haitham Al-Hafez, explic\u00f3 en una declaraci\u00f3n a nuestra agencia que la Oficina Ejecutiva del Sindicato de Editores decidi\u00f3 boicotear la Feria Internacional del Libro de Frankfurt debido a la flagrante persistencia de la administraci\u00f3n de la feria de apoyar a Israel, y critic\u00f3 el doble rasero de Occidente.<\/p>\n<p style=\"text-align: justify;\">fm\/rr<\/p>\n","protected":false},"excerpt":{"rendered":"<p>Damasco, 14 oct (SANA)\u00a0 \u00a0El Sindicato de Editores Sirios anunci\u00f3 hoy que retir\u00f3 su participaci\u00f3n en la Feria Internacional del Libro de Frankfurt debido a la posici\u00f3n de la direcci\u00f3n de este evento y su claro sesgo contra las posiciones de los pueblos \u00e1rabe y palestino. La Uni\u00f3n conden\u00f3 en\u00e9rgicamente las pr\u00e1cticas de la ocupaci\u00f3n &hellip;<\/p>\n","protected":false},"author":31,"featured_media":311378,"comment_status":"closed","ping_status":"closed","sticky":false,"template":"","format":"standard","meta":{"footnotes":""},"categories":[597,467,7541],"tags":[22409,22410,1494,6553],"class_list":["post-311377","post","type-post","status-publish","format-standard","has-post-thumbnail","","category-cinta-de-noticias","category-siria-y-el-mundo","category-ultimas-noticias","tag-feria-internacional-de-libro","tag-frankfurt","tag-palestina","tag-siria"],"_links":{"self":[{"href":"https:\/\/archive.sana.sy\/es\/index.php?rest_route=\/wp\/v2\/posts\/311377"}],"collection":[{"href":"https:\/\/archive.sana.sy\/es\/index.php?rest_route=\/wp\/v2\/posts"}],"about":[{"href":"https:\/\/archive.sana.sy\/es\/index.php?rest_route=\/wp\/v2\/types\/post"}],"author":[{"embeddable":true,"href":"https:\/\/archive.sana.sy\/es\/index.php?rest_route=\/wp\/v2\/users\/31"}],"replies":[{"embeddable":true,"href":"https:\/\/archive.sana.sy\/es\/index.php?rest_route=%2Fwp%2Fv2%2Fcomments&post=311377"}],"version-history":[{"count":1,"href":"https:\/\/archive.sana.sy\/es\/index.php?rest_route=\/wp\/v2\/posts\/311377\/revisions"}],"predecessor-version":[{"id":311379,"href":"https:\/\/archive.sana.sy\/es\/index.php?rest_route=\/wp\/v2\/posts\/311377\/revisions\/311379"}],"wp:featuredmedia":[{"embeddable":true,"href":"https:\/\/archive.sana.sy\/es\/index.php?rest_route=\/wp\/v2\/media\/311378"}],"wp:attachment":[{"href":"https:\/\/archive.sana.sy\/es\/index.php?rest_route=%2Fwp%2Fv2%2Fmedia&parent=311377"}],"wp:term":[{"taxonomy":"category","embeddable":true,"href":"https:\/\/archive.sana.sy\/es\/index.php?rest_route=%2Fwp%2Fv2%2Fcategories&post=311377"},{"taxonomy":"post_tag","embeddable":true,"href":"https:\/\/archive.sana.sy\/es\/index.php?rest_route=%2Fwp%2Fv2%2Ftags&post=311377"}],"curies":[{"name":"wp","href":"https:\/\/api.w.org\/{rel}","templated":true}]}}