{"id":311380,"date":"2023-10-14T20:54:54","date_gmt":"2023-10-14T17:54:54","guid":{"rendered":"https:\/\/sana.sy\/es\/?p=311380"},"modified":"2023-10-14T20:54:54","modified_gmt":"2023-10-14T17:54:54","slug":"siria-participa-en-sesion-de-parlamento-arabe-en-solidaridad-con-gaza","status":"publish","type":"post","link":"https:\/\/archive.sana.sy\/es\/?p=311380","title":{"rendered":"Siria participa en sesi\u00f3n de Parlamento \u00c1rabe en solidaridad con Gaza"},"content":{"rendered":"<p style=\"text-align: justify;\"><span style=\"color: #800000;\"><strong>El Cairo, 14 oct (SANA)\u00a0 \u00a0 <\/strong><\/span>El Parlamento \u00c1rabe celebr\u00f3 hoy su sesi\u00f3n plenaria bajo el lema \u201cSolidaridad con Gaza\u201d, en la sede de la Liga de los Estados \u00c1rabes en El Cairo, la capital egipci, con la participaci\u00f3n de una delegaci\u00f3n de la Asamblea del Pueblo de Siria.<\/p>\n<p style=\"text-align: justify;\">Durante la sesi\u00f3n, el Parlamento afirm\u00f3 su total solidaridad con el pueblo palestino y su lucha por recuperar su tierra, el regreso de los refugiados y el establecimiento de un Estado palestino independiente con Jerusal\u00e9n como capital.<\/p>\n<p style=\"text-align: justify;\">El presidente del Parlamento, Adel Al-Asoumi, se\u00f1al\u00f3 en su discurso que la ocupaci\u00f3n israel\u00ed est\u00e1 destruyendo la infraestructura en Palestina y cometiendo cr\u00edmenes de guerra que reflejan su desprecio por el derecho internacional.<\/p>\n<p style=\"text-align: justify;\">Al-Asomi destac\u00f3 que Palestina seguir\u00e1 siendo la primera causa de los \u00e1rabes y expres\u00f3 el aprecio de los pueblos \u00e1rabes por el pueblo de Palestina que est\u00e1 librando la batalla de la existencia frente a un enemigo brutal.<\/p>\n<p style=\"text-align: justify;\">Durante la sesi\u00f3n, el Parlamento \u00c1rabe llam\u00f3 a los parlamentos amigos a apoyar al pueblo palestino y condenar la grave escalada de la ocupaci\u00f3n israel\u00ed contra la Franja de Gaza, Cisjordania y la Jerusal\u00e9n ocupada, donde libra una guerra de exterminio.<\/p>\n<p style=\"text-align: justify;\">Exigi\u00f3 la apertura de corredores humanitarios a trav\u00e9s de las Naciones Unidas y la UNRWA, y advirti\u00f3 de los llamados a desplazar a los ciudadanos de la Franja de Gaza en un intento de vaciarla de su poblaci\u00f3n, lo que se considera una repetici\u00f3n del escenario de la Nakba.<\/p>\n<p style=\"text-align: justify;\"><img loading=\"lazy\" decoding=\"async\" class=\"size-medium wp-image-311382 alignleft\" src=\"http:\/\/sana.sy\/es\/wp-content\/uploads\/2023\/10\/parlamento-300x168.jpg\" alt=\"\" width=\"300\" height=\"168\" srcset=\"https:\/\/archive.sana.sy\/es\/wp-content\/uploads\/2023\/10\/parlamento-300x168.jpg 300w, https:\/\/archive.sana.sy\/es\/wp-content\/uploads\/2023\/10\/parlamento-150x84.jpg 150w, https:\/\/archive.sana.sy\/es\/wp-content\/uploads\/2023\/10\/parlamento.jpg 660w\" sizes=\"(max-width: 300px) 100vw, 300px\" \/>En una declaraci\u00f3n al corresponsal de SANA en El Cairo, la diputada siria Ghada Ibrahim, participante en la sesi\u00f3n, afirm\u00f3 que todo el pueblo sirio solidariza con el pueblo de Palestina y Gaza, y se\u00f1al\u00f3 se requiere una acci\u00f3n \u00e1rabe para apoyar al pueblo palestino que sufre del asedio, el hambre y la opresi\u00f3n.<\/p>\n<p style=\"text-align: justify;\">Por su parte, el diputado sirio Jeque Jaber Al-Kharafan, agradeci\u00f3 la posici\u00f3n del Parlamento \u00c1rabe, que denunci\u00f3 el ataque terrorista que tuvo como objetivo la ceremonia de graduaci\u00f3n de los oficiales de la Academia Militar en la provincia de Homs, que se cobr\u00f3 la vida de decenas de m\u00e1rtires.<\/p>\n<p style=\"text-align: justify;\">rr<\/p>\n<p style=\"text-align: justify;\">\n","protected":false},"excerpt":{"rendered":"<p>El Cairo, 14 oct (SANA)\u00a0 \u00a0 El Parlamento \u00c1rabe celebr\u00f3 hoy su sesi\u00f3n plenaria bajo el lema \u201cSolidaridad con Gaza\u201d, en la sede de la Liga de los Estados \u00c1rabes en El Cairo, la capital egipci, con la participaci\u00f3n de una delegaci\u00f3n de la Asamblea del Pueblo de Siria. Durante la sesi\u00f3n, el Parlamento afirm\u00f3 &hellip;<\/p>\n","protected":false},"author":31,"featured_media":311381,"comment_status":"closed","ping_status":"closed","sticky":false,"template":"","format":"standard","meta":{"footnotes":""},"categories":[597,467,7541],"tags":[12002,1494,8878,6553],"class_list":["post-311380","post","type-post","status-publish","format-standard","has-post-thumbnail","","category-cinta-de-noticias","category-siria-y-el-mundo","category-ultimas-noticias","tag-gaza","tag-palestina","tag-parlamento","tag-siria"],"_links":{"self":[{"href":"https:\/\/archive.sana.sy\/es\/index.php?rest_route=\/wp\/v2\/posts\/311380"}],"collection":[{"href":"https:\/\/archive.sana.sy\/es\/index.php?rest_route=\/wp\/v2\/posts"}],"about":[{"href":"https:\/\/archive.sana.sy\/es\/index.php?rest_route=\/wp\/v2\/types\/post"}],"author":[{"embeddable":true,"href":"https:\/\/archive.sana.sy\/es\/index.php?rest_route=\/wp\/v2\/users\/31"}],"replies":[{"embeddable":true,"href":"https:\/\/archive.sana.sy\/es\/index.php?rest_route=%2Fwp%2Fv2%2Fcomments&post=311380"}],"version-history":[{"count":1,"href":"https:\/\/archive.sana.sy\/es\/index.php?rest_route=\/wp\/v2\/posts\/311380\/revisions"}],"predecessor-version":[{"id":311383,"href":"https:\/\/archive.sana.sy\/es\/index.php?rest_route=\/wp\/v2\/posts\/311380\/revisions\/311383"}],"wp:featuredmedia":[{"embeddable":true,"href":"https:\/\/archive.sana.sy\/es\/index.php?rest_route=\/wp\/v2\/media\/311381"}],"wp:attachment":[{"href":"https:\/\/archive.sana.sy\/es\/index.php?rest_route=%2Fwp%2Fv2%2Fmedia&parent=311380"}],"wp:term":[{"taxonomy":"category","embeddable":true,"href":"https:\/\/archive.sana.sy\/es\/index.php?rest_route=%2Fwp%2Fv2%2Fcategories&post=311380"},{"taxonomy":"post_tag","embeddable":true,"href":"https:\/\/archive.sana.sy\/es\/index.php?rest_route=%2Fwp%2Fv2%2Ftags&post=311380"}],"curies":[{"name":"wp","href":"https:\/\/api.w.org\/{rel}","templated":true}]}}