{"id":311402,"date":"2023-10-15T11:27:36","date_gmt":"2023-10-15T08:27:36","guid":{"rendered":"https:\/\/sana.sy\/es\/?p=311402"},"modified":"2023-10-15T11:27:36","modified_gmt":"2023-10-15T08:27:36","slug":"ejercito-israeli-declara-zona-militar-a-una-franja-fronteriza-de-4-km-de-ancho-con-el-libano-tras-ataque-de-la-resistencia-contra-sitios-militares-israelies","status":"publish","type":"post","link":"https:\/\/archive.sana.sy\/es\/?p=311402","title":{"rendered":"Ej\u00e9rcito israel\u00ed declara zona militar a una franja fronteriza de 4 km de ancho con el L\u00edbano, tras ataque de la resistencia contra sitios militares israel\u00edes."},"content":{"rendered":"","protected":false},"excerpt":{"rendered":"","protected":false},"author":42,"featured_media":0,"comment_status":"closed","ping_status":"closed","sticky":false,"template":"","format":"standard","meta":{"footnotes":""},"categories":[596],"tags":[],"class_list":["post-311402","post","type-post","status-publish","format-standard","","category-urgente"],"_links":{"self":[{"href":"https:\/\/archive.sana.sy\/es\/index.php?rest_route=\/wp\/v2\/posts\/311402"}],"collection":[{"href":"https:\/\/archive.sana.sy\/es\/index.php?rest_route=\/wp\/v2\/posts"}],"about":[{"href":"https:\/\/archive.sana.sy\/es\/index.php?rest_route=\/wp\/v2\/types\/post"}],"author":[{"embeddable":true,"href":"https:\/\/archive.sana.sy\/es\/index.php?rest_route=\/wp\/v2\/users\/42"}],"replies":[{"embeddable":true,"href":"https:\/\/archive.sana.sy\/es\/index.php?rest_route=%2Fwp%2Fv2%2Fcomments&post=311402"}],"version-history":[{"count":1,"href":"https:\/\/archive.sana.sy\/es\/index.php?rest_route=\/wp\/v2\/posts\/311402\/revisions"}],"predecessor-version":[{"id":311403,"href":"https:\/\/archive.sana.sy\/es\/index.php?rest_route=\/wp\/v2\/posts\/311402\/revisions\/311403"}],"wp:attachment":[{"href":"https:\/\/archive.sana.sy\/es\/index.php?rest_route=%2Fwp%2Fv2%2Fmedia&parent=311402"}],"wp:term":[{"taxonomy":"category","embeddable":true,"href":"https:\/\/archive.sana.sy\/es\/index.php?rest_route=%2Fwp%2Fv2%2Fcategories&post=311402"},{"taxonomy":"post_tag","embeddable":true,"href":"https:\/\/archive.sana.sy\/es\/index.php?rest_route=%2Fwp%2Fv2%2Ftags&post=311402"}],"curies":[{"name":"wp","href":"https:\/\/api.w.org\/{rel}","templated":true}]}}