{"id":311414,"date":"2023-10-15T12:03:56","date_gmt":"2023-10-15T09:03:56","guid":{"rendered":"https:\/\/sana.sy\/es\/?p=311414"},"modified":"2023-10-15T13:37:55","modified_gmt":"2023-10-15T10:37:55","slug":"siria-a-favor-de-palestina-manifestaciones-de-condena-a-los-crimenes-de-israel-fotos","status":"publish","type":"post","link":"https:\/\/archive.sana.sy\/es\/?p=311414","title":{"rendered":"Siria a favor de Palestina: Manifestaciones de condena a los cr\u00edmenes de &#8220;Israel&#8221; (+ fotos)"},"content":{"rendered":"<p><span style=\"color: #800000;\"><strong>Provincias, 15 oct (SANA)<\/strong> <\/span>Decenas de miles de sirios se concentraron en las plazas de las principales ciudades del pa\u00eds como muestra de apoyo y solidaridad con el pueblo palestino y para condenar los bombardeos israel\u00edes contra la Franja de Gaza.<\/p>\n<p><span style=\"color: #000080;\"><strong>Deraa<\/strong><\/span><\/p>\n<p>En la provincia sure\u00f1a de Deraa, una manifestaci\u00f3n solidaria con el pueblo palestino tuvo lugar en la c\u00e9ntrica plaza Tishreen en la cabecera provincial.<br \/>\nLos participantes manifestaron su apoyo a la resistencia palestina y a la operaci\u00f3n Diluvio de Al-Aqsa ante el agresor sionista.<\/p>\n<p><span style=\"color: #000080;\"><strong>Hama<\/strong><\/span><\/p>\n<p>Una similar manifestaci\u00f3n solidaria con el pueblo palestino tuvo lugar en la provincia de Hama donde miles de estudiantes se concentraron en la plaza Orouba en apoyo a la resistencia palestina y para denunciar las masacres cometidas por el ocupante israel\u00ed en la Franja de Gaza.<\/p>\n<p><span style=\"color: #000080;\"><strong>Alpeo<\/strong><\/span><\/p>\n<p>En la gobernaci\u00f3n de Alepo en el norte de Siria, la filial de la Uni\u00f3n de J\u00f3venes Revolucionarios convoc\u00f3 a un mit\u00edn en apoyo a la resistencia palestina ante los ataques de la ocupaci\u00f3n israel\u00ed<\/p>\n<p><span style=\"color: #000080;\"><strong>Periodistas<\/strong><\/span><\/p>\n<p>La Uni\u00f3n de Periodistas y sus filiales en las gobernaciones organizaron actos de apoyo a la resistencia palestina ante los brutales ataques israel\u00edes.<\/p>\n<div id='gallery-1' class='gallery galleryid-311414 gallery-columns-1 gallery-size-full'><figure class='gallery-item'>\n\t\t\t<div class='gallery-icon landscape'>\n\t\t\t\t<a href='https:\/\/archive.sana.sy\/es\/wp-content\/uploads\/2023\/10\/x-1.jpg'><img loading=\"lazy\" decoding=\"async\" width=\"660\" height=\"442\" src=\"https:\/\/archive.sana.sy\/es\/wp-content\/uploads\/2023\/10\/x-1.jpg\" class=\"attachment-full size-full\" alt=\"\" srcset=\"https:\/\/archive.sana.sy\/es\/wp-content\/uploads\/2023\/10\/x-1.jpg 660w, https:\/\/archive.sana.sy\/es\/wp-content\/uploads\/2023\/10\/x-1-300x201.jpg 300w, https:\/\/archive.sana.sy\/es\/wp-content\/uploads\/2023\/10\/x-1-150x100.jpg 150w, https:\/\/archive.sana.sy\/es\/wp-content\/uploads\/2023\/10\/x-1-110x75.jpg 110w\" sizes=\"(max-width: 660px) 100vw, 660px\" \/><\/a>\n\t\t\t<\/div><\/figure><figure class='gallery-item'>\n\t\t\t<div class='gallery-icon landscape'>\n\t\t\t\t<a href='https:\/\/archive.sana.sy\/es\/wp-content\/uploads\/2023\/10\/cc.jpg'><img loading=\"lazy\" decoding=\"async\" width=\"660\" height=\"431\" src=\"https:\/\/archive.sana.sy\/es\/wp-content\/uploads\/2023\/10\/cc.jpg\" class=\"attachment-full size-full\" alt=\"\" srcset=\"https:\/\/archive.sana.sy\/es\/wp-content\/uploads\/2023\/10\/cc.jpg 660w, https:\/\/archive.sana.sy\/es\/wp-content\/uploads\/2023\/10\/cc-300x196.jpg 300w, https:\/\/archive.sana.sy\/es\/wp-content\/uploads\/2023\/10\/cc-150x98.jpg 150w\" sizes=\"(max-width: 660px) 100vw, 660px\" \/><\/a>\n\t\t\t<\/div><\/figure><figure class='gallery-item'>\n\t\t\t<div class='gallery-icon landscape'>\n\t\t\t\t<a href='https:\/\/archive.sana.sy\/es\/wp-content\/uploads\/2023\/10\/b-1.jpg'><img loading=\"lazy\" decoding=\"async\" width=\"660\" height=\"440\" src=\"https:\/\/archive.sana.sy\/es\/wp-content\/uploads\/2023\/10\/b-1.jpg\" class=\"attachment-full size-full\" alt=\"\" srcset=\"https:\/\/archive.sana.sy\/es\/wp-content\/uploads\/2023\/10\/b-1.jpg 660w, https:\/\/archive.sana.sy\/es\/wp-content\/uploads\/2023\/10\/b-1-300x200.jpg 300w, https:\/\/archive.sana.sy\/es\/wp-content\/uploads\/2023\/10\/b-1-150x100.jpg 150w\" sizes=\"(max-width: 660px) 100vw, 660px\" \/><\/a>\n\t\t\t<\/div><\/figure><figure class='gallery-item'>\n\t\t\t<div class='gallery-icon landscape'>\n\t\t\t\t<a href='https:\/\/archive.sana.sy\/es\/wp-content\/uploads\/2023\/10\/vv.jpg'><img loading=\"lazy\" decoding=\"async\" width=\"660\" height=\"441\" src=\"https:\/\/archive.sana.sy\/es\/wp-content\/uploads\/2023\/10\/vv.jpg\" class=\"attachment-full size-full\" alt=\"\" srcset=\"https:\/\/archive.sana.sy\/es\/wp-content\/uploads\/2023\/10\/vv.jpg 660w, https:\/\/archive.sana.sy\/es\/wp-content\/uploads\/2023\/10\/vv-300x200.jpg 300w, https:\/\/archive.sana.sy\/es\/wp-content\/uploads\/2023\/10\/vv-150x100.jpg 150w, https:\/\/archive.sana.sy\/es\/wp-content\/uploads\/2023\/10\/vv-110x75.jpg 110w\" sizes=\"(max-width: 660px) 100vw, 660px\" \/><\/a>\n\t\t\t<\/div><\/figure><figure class='gallery-item'>\n\t\t\t<div class='gallery-icon landscape'>\n\t\t\t\t<a href='https:\/\/archive.sana.sy\/es\/wp-content\/uploads\/2023\/10\/m.jpg'><img loading=\"lazy\" decoding=\"async\" width=\"660\" height=\"440\" src=\"https:\/\/archive.sana.sy\/es\/wp-content\/uploads\/2023\/10\/m.jpg\" class=\"attachment-full size-full\" alt=\"\" srcset=\"https:\/\/archive.sana.sy\/es\/wp-content\/uploads\/2023\/10\/m.jpg 660w, https:\/\/archive.sana.sy\/es\/wp-content\/uploads\/2023\/10\/m-300x200.jpg 300w, https:\/\/archive.sana.sy\/es\/wp-content\/uploads\/2023\/10\/m-150x100.jpg 150w\" sizes=\"(max-width: 660px) 100vw, 660px\" \/><\/a>\n\t\t\t<\/div><\/figure><figure class='gallery-item'>\n\t\t\t<div class='gallery-icon landscape'>\n\t\t\t\t<a href='https:\/\/archive.sana.sy\/es\/wp-content\/uploads\/2023\/10\/n-1.jpg'><img loading=\"lazy\" decoding=\"async\" width=\"660\" height=\"440\" src=\"https:\/\/archive.sana.sy\/es\/wp-content\/uploads\/2023\/10\/n-1.jpg\" class=\"attachment-full size-full\" alt=\"\" srcset=\"https:\/\/archive.sana.sy\/es\/wp-content\/uploads\/2023\/10\/n-1.jpg 660w, https:\/\/archive.sana.sy\/es\/wp-content\/uploads\/2023\/10\/n-1-300x200.jpg 300w, https:\/\/archive.sana.sy\/es\/wp-content\/uploads\/2023\/10\/n-1-150x100.jpg 150w\" sizes=\"(max-width: 660px) 100vw, 660px\" \/><\/a>\n\t\t\t<\/div><\/figure><figure class='gallery-item'>\n\t\t\t<div class='gallery-icon landscape'>\n\t\t\t\t<a href='https:\/\/archive.sana.sy\/es\/wp-content\/uploads\/2023\/10\/kk.jpg'><img loading=\"lazy\" decoding=\"async\" width=\"1280\" height=\"824\" src=\"https:\/\/archive.sana.sy\/es\/wp-content\/uploads\/2023\/10\/kk.jpg\" class=\"attachment-full size-full\" alt=\"\" srcset=\"https:\/\/archive.sana.sy\/es\/wp-content\/uploads\/2023\/10\/kk.jpg 1280w, https:\/\/archive.sana.sy\/es\/wp-content\/uploads\/2023\/10\/kk-300x193.jpg 300w, https:\/\/archive.sana.sy\/es\/wp-content\/uploads\/2023\/10\/kk-1024x659.jpg 1024w, https:\/\/archive.sana.sy\/es\/wp-content\/uploads\/2023\/10\/kk-150x97.jpg 150w, https:\/\/archive.sana.sy\/es\/wp-content\/uploads\/2023\/10\/kk-768x494.jpg 768w\" sizes=\"(max-width: 1280px) 100vw, 1280px\" \/><\/a>\n\t\t\t<\/div><\/figure><figure class='gallery-item'>\n\t\t\t<div class='gallery-icon landscape'>\n\t\t\t\t<a href='https:\/\/archive.sana.sy\/es\/wp-content\/uploads\/2023\/10\/lll.jpg'><img loading=\"lazy\" decoding=\"async\" width=\"1280\" height=\"811\" src=\"https:\/\/archive.sana.sy\/es\/wp-content\/uploads\/2023\/10\/lll.jpg\" class=\"attachment-full size-full\" alt=\"\" srcset=\"https:\/\/archive.sana.sy\/es\/wp-content\/uploads\/2023\/10\/lll.jpg 1280w, https:\/\/archive.sana.sy\/es\/wp-content\/uploads\/2023\/10\/lll-300x190.jpg 300w, https:\/\/archive.sana.sy\/es\/wp-content\/uploads\/2023\/10\/lll-1024x649.jpg 1024w, https:\/\/archive.sana.sy\/es\/wp-content\/uploads\/2023\/10\/lll-150x95.jpg 150w, https:\/\/archive.sana.sy\/es\/wp-content\/uploads\/2023\/10\/lll-768x487.jpg 768w\" sizes=\"(max-width: 1280px) 100vw, 1280px\" \/><\/a>\n\t\t\t<\/div><\/figure>\n\t\t<\/div>\n\n","protected":false},"excerpt":{"rendered":"<p>Provincias, 15 oct (SANA) Decenas de miles de sirios se concentraron en las plazas de las principales ciudades del pa\u00eds como muestra de apoyo y solidaridad con el pueblo palestino y para condenar los bombardeos israel\u00edes contra la Franja de Gaza. Deraa En la provincia sure\u00f1a de Deraa, una manifestaci\u00f3n solidaria con el pueblo palestino &hellip;<\/p>\n","protected":false},"author":42,"featured_media":311437,"comment_status":"closed","ping_status":"closed","sticky":false,"template":"","format":"standard","meta":{"footnotes":""},"categories":[597,20724,476,16688,583],"tags":[],"class_list":["post-311414","post","type-post","status-publish","format-standard","has-post-thumbnail","","category-cinta-de-noticias","category-minuto-a-minuto","category-locales","category-nacionales","category-slide"],"_links":{"self":[{"href":"https:\/\/archive.sana.sy\/es\/index.php?rest_route=\/wp\/v2\/posts\/311414"}],"collection":[{"href":"https:\/\/archive.sana.sy\/es\/index.php?rest_route=\/wp\/v2\/posts"}],"about":[{"href":"https:\/\/archive.sana.sy\/es\/index.php?rest_route=\/wp\/v2\/types\/post"}],"author":[{"embeddable":true,"href":"https:\/\/archive.sana.sy\/es\/index.php?rest_route=\/wp\/v2\/users\/42"}],"replies":[{"embeddable":true,"href":"https:\/\/archive.sana.sy\/es\/index.php?rest_route=%2Fwp%2Fv2%2Fcomments&post=311414"}],"version-history":[{"count":1,"href":"https:\/\/archive.sana.sy\/es\/index.php?rest_route=\/wp\/v2\/posts\/311414\/revisions"}],"predecessor-version":[{"id":311426,"href":"https:\/\/archive.sana.sy\/es\/index.php?rest_route=\/wp\/v2\/posts\/311414\/revisions\/311426"}],"wp:featuredmedia":[{"embeddable":true,"href":"https:\/\/archive.sana.sy\/es\/index.php?rest_route=\/wp\/v2\/media\/311437"}],"wp:attachment":[{"href":"https:\/\/archive.sana.sy\/es\/index.php?rest_route=%2Fwp%2Fv2%2Fmedia&parent=311414"}],"wp:term":[{"taxonomy":"category","embeddable":true,"href":"https:\/\/archive.sana.sy\/es\/index.php?rest_route=%2Fwp%2Fv2%2Fcategories&post=311414"},{"taxonomy":"post_tag","embeddable":true,"href":"https:\/\/archive.sana.sy\/es\/index.php?rest_route=%2Fwp%2Fv2%2Ftags&post=311414"}],"curies":[{"name":"wp","href":"https:\/\/api.w.org\/{rel}","templated":true}]}}