{"id":31146,"date":"2015-10-06T20:33:34","date_gmt":"2015-10-06T17:33:34","guid":{"rendered":"http:\/\/sana.sy\/es\/?p=31146"},"modified":"2015-10-06T21:45:35","modified_gmt":"2015-10-06T18:45:35","slug":"francia-retira-la-nacionalidad-a-cinco-terroristas","status":"publish","type":"post","link":"https:\/\/archive.sana.sy\/es\/?p=31146","title":{"rendered":"Francia retira la nacionalidad a cinco terroristas"},"content":{"rendered":"<p style=\"text-align: justify\"><span style=\"color: #800000\">Par\u00eds, SANA<\/span>&#8211; El ministro franc\u00e9s del Interior, Bernard Cazeneuve, anunci\u00f3 hoy que se iniciaron los tr\u00e1mites para retirar la nacionalidad a cinco terroristas condenados, en funci\u00f3n de la ley francesa que lo autoriza a hacerlo.<\/p>\n<p style=\"text-align: justify\">&#8220;Ped\u00ed al primer ministro (Manuel Valls) que retire la nacionalidad a cinco terroristas&#8221;, dijo Cazeneuve ante los diputados franceses, sin precisar los nombres.<\/p>\n<p style=\"text-align: justify\">El ministro del Interior record\u00f3 que la ley francesa permite recurrir a este mecanismo contra personas condenadas por delitos graves de terrorismo.<\/p>\n<p style=\"text-align: justify\">Cazeneuve reiter\u00f3 la &#8220;absoluta determinaci\u00f3n&#8221; del Gobierno franc\u00e9s en la lucha contra el terrorismo y en el uso para ello de &#8220;todas las herramientas&#8221; del Estado de derecho, y destac\u00f3 en ese sentido la aprobaci\u00f3n de tres leyes en su legislatura que mejoran ese combate.<\/p>\n<p>M.Miri<\/p>\n","protected":false},"excerpt":{"rendered":"<p>Par\u00eds, SANA&#8211; El ministro franc\u00e9s del Interior, Bernard Cazeneuve, anunci\u00f3 hoy que se iniciaron los tr\u00e1mites para retirar la nacionalidad a cinco terroristas condenados, en funci\u00f3n de la ley francesa que lo autoriza a hacerlo. &#8220;Ped\u00ed al primer ministro (Manuel Valls) que retire la nacionalidad a cinco terroristas&#8221;, dijo Cazeneuve ante los diputados franceses, sin &hellip;<\/p>\n","protected":false},"author":1,"featured_media":31153,"comment_status":"closed","ping_status":"closed","sticky":false,"template":"","format":"standard","meta":{"footnotes":""},"categories":[555],"tags":[6929],"class_list":["post-31146","post","type-post","status-publish","format-standard","has-post-thumbnail","","category-prensa","tag-francia-retira-la-nacionalidad-a-cinco-terroristas"],"_links":{"self":[{"href":"https:\/\/archive.sana.sy\/es\/index.php?rest_route=\/wp\/v2\/posts\/31146"}],"collection":[{"href":"https:\/\/archive.sana.sy\/es\/index.php?rest_route=\/wp\/v2\/posts"}],"about":[{"href":"https:\/\/archive.sana.sy\/es\/index.php?rest_route=\/wp\/v2\/types\/post"}],"author":[{"embeddable":true,"href":"https:\/\/archive.sana.sy\/es\/index.php?rest_route=\/wp\/v2\/users\/1"}],"replies":[{"embeddable":true,"href":"https:\/\/archive.sana.sy\/es\/index.php?rest_route=%2Fwp%2Fv2%2Fcomments&post=31146"}],"version-history":[{"count":0,"href":"https:\/\/archive.sana.sy\/es\/index.php?rest_route=\/wp\/v2\/posts\/31146\/revisions"}],"wp:featuredmedia":[{"embeddable":true,"href":"https:\/\/archive.sana.sy\/es\/index.php?rest_route=\/wp\/v2\/media\/31153"}],"wp:attachment":[{"href":"https:\/\/archive.sana.sy\/es\/index.php?rest_route=%2Fwp%2Fv2%2Fmedia&parent=31146"}],"wp:term":[{"taxonomy":"category","embeddable":true,"href":"https:\/\/archive.sana.sy\/es\/index.php?rest_route=%2Fwp%2Fv2%2Fcategories&post=31146"},{"taxonomy":"post_tag","embeddable":true,"href":"https:\/\/archive.sana.sy\/es\/index.php?rest_route=%2Fwp%2Fv2%2Ftags&post=31146"}],"curies":[{"name":"wp","href":"https:\/\/api.w.org\/{rel}","templated":true}]}}