{"id":31148,"date":"2015-10-06T21:13:28","date_gmt":"2015-10-06T18:13:28","guid":{"rendered":"http:\/\/sana.sy\/es\/?p=31148"},"modified":"2015-10-06T22:04:38","modified_gmt":"2015-10-06T19:04:38","slug":"defensa-rusa-nuestros-aviones-de-combate-no-operan-en-las-zonas-residenciales-y-arqueologicas","status":"publish","type":"post","link":"https:\/\/archive.sana.sy\/es\/?p=31148","title":{"rendered":"Defensa rusa: nuestros cazas no operan  en  zonas residenciales o arqueol\u00f3gicas sirias"},"content":{"rendered":"<p style=\"text-align: justify\"><span style=\"color: #800000\">Mosc\u00fa, SANA<\/span>&#8211; El portavoz del Ministerio de Defensa de Rusia, el mayor general Igor Konashenkov, enfatiz\u00f3 que la fuerza a\u00e9rea rusa en Siria &#8220;no opera en las zonas residenciales, especialmente en zonas arqueol\u00f3gicas.&#8221;<\/p>\n<p style=\"text-align: justify\">Konashenkov dijo en unos comentarios publicados por los medios de comunicaci\u00f3n rusos hoy que los terroristas &#8220;Daesh&#8221; se est\u00e1n aprovechando actualmente este tema.<\/p>\n<p style=\"text-align: justify\">&#8220;Todas las noticias divulgadas por medios de comunicaci\u00f3n extranjeros, que afirman que los aviones de guerra rusos lanzaron ataques a\u00e9reos contra la ciudad de Palmira son mentiras absoluta&#8221;, se\u00f1alando que los terroristas de Daesh que se encuentran actualmente en la ciudad de Palmira destruyeron en los \u00faltimos d\u00edas, el Arco del Triunfo en la ciudad hist\u00f3rica.&#8221;<\/p>\n<p style=\"text-align: justify\">Anteriormente, el Ministerio de Defensa de Rusia confirm\u00f3 en un comunicado que los objetivos de los ataques de la aviaci\u00f3n de Rusia est\u00e1n muy lejos de las zonas residenciales y se realizan sobre la base de informaciones de reconocimientos que provienen de varias fuentes para evitar causar cualquier da\u00f1o a la poblaci\u00f3n civil.<\/p>\n<p style=\"text-align: justify\">\n<p>M.Miri<\/p>\n","protected":false},"excerpt":{"rendered":"<p>Mosc\u00fa, SANA&#8211; El portavoz del Ministerio de Defensa de Rusia, el mayor general Igor Konashenkov, enfatiz\u00f3 que la fuerza a\u00e9rea rusa en Siria &#8220;no opera en las zonas residenciales, especialmente en zonas arqueol\u00f3gicas.&#8221; Konashenkov dijo en unos comentarios publicados por los medios de comunicaci\u00f3n rusos hoy que los terroristas &#8220;Daesh&#8221; se est\u00e1n aprovechando actualmente este &hellip;<\/p>\n","protected":false},"author":1,"featured_media":31149,"comment_status":"closed","ping_status":"closed","sticky":false,"template":"","format":"standard","meta":{"footnotes":""},"categories":[456,457,576],"tags":[6931],"class_list":["post-31148","post","type-post","status-publish","format-standard","has-post-thumbnail","","category-arabe-internacional-politica","category-noticias-arabe-internacional-politica","category-noticias-politicas","tag-defensa-rusa-nuestros-cazas-no-operan-en-zonas-residenciales-o-arqueologicas-sirias"],"_links":{"self":[{"href":"https:\/\/archive.sana.sy\/es\/index.php?rest_route=\/wp\/v2\/posts\/31148"}],"collection":[{"href":"https:\/\/archive.sana.sy\/es\/index.php?rest_route=\/wp\/v2\/posts"}],"about":[{"href":"https:\/\/archive.sana.sy\/es\/index.php?rest_route=\/wp\/v2\/types\/post"}],"author":[{"embeddable":true,"href":"https:\/\/archive.sana.sy\/es\/index.php?rest_route=\/wp\/v2\/users\/1"}],"replies":[{"embeddable":true,"href":"https:\/\/archive.sana.sy\/es\/index.php?rest_route=%2Fwp%2Fv2%2Fcomments&post=31148"}],"version-history":[{"count":0,"href":"https:\/\/archive.sana.sy\/es\/index.php?rest_route=\/wp\/v2\/posts\/31148\/revisions"}],"wp:featuredmedia":[{"embeddable":true,"href":"https:\/\/archive.sana.sy\/es\/index.php?rest_route=\/wp\/v2\/media\/31149"}],"wp:attachment":[{"href":"https:\/\/archive.sana.sy\/es\/index.php?rest_route=%2Fwp%2Fv2%2Fmedia&parent=31148"}],"wp:term":[{"taxonomy":"category","embeddable":true,"href":"https:\/\/archive.sana.sy\/es\/index.php?rest_route=%2Fwp%2Fv2%2Fcategories&post=31148"},{"taxonomy":"post_tag","embeddable":true,"href":"https:\/\/archive.sana.sy\/es\/index.php?rest_route=%2Fwp%2Fv2%2Ftags&post=31148"}],"curies":[{"name":"wp","href":"https:\/\/api.w.org\/{rel}","templated":true}]}}