{"id":311486,"date":"2023-10-15T20:56:22","date_gmt":"2023-10-15T17:56:22","guid":{"rendered":"https:\/\/sana.sy\/es\/?p=311486"},"modified":"2023-10-16T08:45:11","modified_gmt":"2023-10-16T05:45:11","slug":"canciller-sirio-analiza-con-sus-homologos-de-oman-y-tunez-la-situacion-en-gaza","status":"publish","type":"post","link":"https:\/\/archive.sana.sy\/es\/?p=311486","title":{"rendered":"Canciller sirio analiza con sus hom\u00f3logos de Om\u00e1n y T\u00fanez la situaci\u00f3n en Gaza"},"content":{"rendered":"<blockquote><p><span style=\"color: #993300;\">Al-Mekdad subray\u00f3 la importancia de los esfuerzos \u00e1rabes e internacionales concertados para detener esta traicionera agresi\u00f3n israel\u00ed y la masacre cometida por el ej\u00e9rcito de ocupaci\u00f3n sionista contra el pueblo de la Franja de Gaza.<\/span><\/p><\/blockquote>\n<p style=\"text-align: justify;\"><span style=\"color: #800000;\"><strong>Damasco, 15 oct (SANA)\u00a0 \u00a0<\/strong><\/span>El ministro de Asuntos Exteriores y Expatriados, Faisal Al-Mekdad, mantuvo una conversaci\u00f3n telef\u00f3nica con su hom\u00f3logo de la Rep\u00fablica de T\u00fanez, Nabil Ammar, con quien abord\u00f3 la evoluci\u00f3n de la situaci\u00f3n en la Franja de Gaza y los brutales cr\u00edmenes cometidos por las fuerzas de ocupaci\u00f3n israel\u00edes.<\/p>\n<p style=\"text-align: justify;\">El Canciller sirio subray\u00f3 la necesidad de concretar una postura \u00e1rabe unificada para detener la actual agresi\u00f3n israel\u00ed contra Gaza y brindar a los palestinos asistencia, as\u00ed como condenar los cr\u00edmenes cometidos por \u201cIsrael\u201d en la Franja de Gaza, especialmente sus violaciones de los derechos humanos y su atroz desprecio por el derecho internacional.<\/p>\n<p style=\"text-align: justify;\">Por su parte, el Ministro Ammar afirm\u00f3 el apoyo de T\u00fanez al pueblo palestino y su rechazo a la guerra de agresi\u00f3n israel\u00ed y sus pr\u00e1cticas contra los palestinos en la Franja de Gaza.<\/p>\n<p style=\"text-align: justify;\">Destac\u00f3 la necesidad de tomar medidas urgentes para detener esta agresi\u00f3n y que su pa\u00eds est\u00e1 haciendo todos los esfuerzos posibles para lograr esto.<\/p>\n<p style=\"text-align: justify;\">El Ministro Ammar tambi\u00e9n conden\u00f3 los cr\u00edmenes cometidos por las fuerzas de ocupaci\u00f3n israel\u00edes contra el pueblo de Gaza con el apoyo de fuerzas externas.<\/p>\n<p style=\"text-align: justify;\">Asimismo, el Canciller sirio mantuvo una conversaci\u00f3n telef\u00f3nica con el ministro de Asuntos Exteriores del Sultanato de Om\u00e1n, Badr Al Busaidi, durante la cual discutieron la peligrosa evoluci\u00f3n de la situaci\u00f3n en Palestina, las matanzas, la destrucci\u00f3n y el asedio a los que est\u00e1 sometido los palestinos.<\/p>\n<p style=\"text-align: justify;\">Al-Mekdad subray\u00f3 la importancia de los esfuerzos \u00e1rabes e internacionales concertados para detener esta traicionera agresi\u00f3n israel\u00ed y la masacre cometida por el ej\u00e9rcito de ocupaci\u00f3n sionista contra el pueblo de la Franja de Gaza.<\/p>\n<p style=\"text-align: justify;\">Destac\u00f3 la importancia de entregar ayuda humanitaria y alimentaria, y restablecer el agua y la electricidad a unos dos millones de palestinos que viven en la Franja de Gaza.<\/p>\n<p style=\"text-align: justify;\">A su vez, el Ministro Al Busaidi destac\u00f3 que lo que est\u00e1 sucediendo es resultado de la continua ocupaci\u00f3n ilegal israel\u00ed de los territorios palestinos y sus continuos ataques contra los palestinos.<\/p>\n<p style=\"text-align: justify;\">Destac\u00f3 la necesidad de detener la agresi\u00f3n contra el pueblo de Gaza y permitir que la ayuda humanitaria entre en la Franja, y se\u00f1al\u00f3 la importancia de trabajar para movilizar los esfuerzos globales para salvar al pueblo palestino de las garras de la agresi\u00f3n, y sus desastrosos efectos en las dimensiones pol\u00edtica y humanitaria.<\/p>\n<p>fm\/rr<\/p>\n","protected":false},"excerpt":{"rendered":"<p>Al-Mekdad subray\u00f3 la importancia de los esfuerzos \u00e1rabes e internacionales concertados para detener esta traicionera agresi\u00f3n israel\u00ed y la masacre cometida por el ej\u00e9rcito de ocupaci\u00f3n sionista contra el pueblo de la Franja de Gaza. Damasco, 15 oct (SANA)\u00a0 \u00a0El ministro de Asuntos Exteriores y Expatriados, Faisal Al-Mekdad, mantuvo una conversaci\u00f3n telef\u00f3nica con su hom\u00f3logo &hellip;<\/p>\n","protected":false},"author":31,"featured_media":311492,"comment_status":"closed","ping_status":"closed","sticky":false,"template":"","format":"standard","meta":{"footnotes":""},"categories":[597,467,583],"tags":[19976,1494,6553,8603],"class_list":["post-311486","post","type-post","status-publish","format-standard","has-post-thumbnail","","category-cinta-de-noticias","category-siria-y-el-mundo","category-slide","tag-oman","tag-palestina","tag-siria","tag-tunez"],"_links":{"self":[{"href":"https:\/\/archive.sana.sy\/es\/index.php?rest_route=\/wp\/v2\/posts\/311486"}],"collection":[{"href":"https:\/\/archive.sana.sy\/es\/index.php?rest_route=\/wp\/v2\/posts"}],"about":[{"href":"https:\/\/archive.sana.sy\/es\/index.php?rest_route=\/wp\/v2\/types\/post"}],"author":[{"embeddable":true,"href":"https:\/\/archive.sana.sy\/es\/index.php?rest_route=\/wp\/v2\/users\/31"}],"replies":[{"embeddable":true,"href":"https:\/\/archive.sana.sy\/es\/index.php?rest_route=%2Fwp%2Fv2%2Fcomments&post=311486"}],"version-history":[{"count":1,"href":"https:\/\/archive.sana.sy\/es\/index.php?rest_route=\/wp\/v2\/posts\/311486\/revisions"}],"predecessor-version":[{"id":311489,"href":"https:\/\/archive.sana.sy\/es\/index.php?rest_route=\/wp\/v2\/posts\/311486\/revisions\/311489"}],"wp:featuredmedia":[{"embeddable":true,"href":"https:\/\/archive.sana.sy\/es\/index.php?rest_route=\/wp\/v2\/media\/311492"}],"wp:attachment":[{"href":"https:\/\/archive.sana.sy\/es\/index.php?rest_route=%2Fwp%2Fv2%2Fmedia&parent=311486"}],"wp:term":[{"taxonomy":"category","embeddable":true,"href":"https:\/\/archive.sana.sy\/es\/index.php?rest_route=%2Fwp%2Fv2%2Fcategories&post=311486"},{"taxonomy":"post_tag","embeddable":true,"href":"https:\/\/archive.sana.sy\/es\/index.php?rest_route=%2Fwp%2Fv2%2Ftags&post=311486"}],"curies":[{"name":"wp","href":"https:\/\/api.w.org\/{rel}","templated":true}]}}