{"id":311490,"date":"2023-10-16T08:30:09","date_gmt":"2023-10-16T05:30:09","guid":{"rendered":"https:\/\/sana.sy\/es\/?p=311490"},"modified":"2023-10-16T08:30:09","modified_gmt":"2023-10-16T05:30:09","slug":"medios-palestinos-siete-palestinos-murieron-en-ataque-aereo-israeli-contra-ambulancias-y-la-sede-de-la-defensa-civil-en-el-area-de-tal-al-hawa-al-suroeste-de-la-ciudad-de-gaza","status":"publish","type":"post","link":"https:\/\/archive.sana.sy\/es\/?p=311490","title":{"rendered":"Medios palestinos: Siete palestinos murieron en ataque a\u00e9reo israel\u00ed contra ambulancias y la sede de la Defensa Civil en el \u00e1rea de Tal Al-Hawa, al suroeste de la ciudad de Gaza"},"content":{"rendered":"","protected":false},"excerpt":{"rendered":"","protected":false},"author":34,"featured_media":0,"comment_status":"closed","ping_status":"closed","sticky":false,"template":"","format":"standard","meta":{"footnotes":""},"categories":[20724,596],"tags":[],"class_list":["post-311490","post","type-post","status-publish","format-standard","","category-minuto-a-minuto","category-urgente"],"_links":{"self":[{"href":"https:\/\/archive.sana.sy\/es\/index.php?rest_route=\/wp\/v2\/posts\/311490"}],"collection":[{"href":"https:\/\/archive.sana.sy\/es\/index.php?rest_route=\/wp\/v2\/posts"}],"about":[{"href":"https:\/\/archive.sana.sy\/es\/index.php?rest_route=\/wp\/v2\/types\/post"}],"author":[{"embeddable":true,"href":"https:\/\/archive.sana.sy\/es\/index.php?rest_route=\/wp\/v2\/users\/34"}],"replies":[{"embeddable":true,"href":"https:\/\/archive.sana.sy\/es\/index.php?rest_route=%2Fwp%2Fv2%2Fcomments&post=311490"}],"version-history":[{"count":1,"href":"https:\/\/archive.sana.sy\/es\/index.php?rest_route=\/wp\/v2\/posts\/311490\/revisions"}],"predecessor-version":[{"id":311491,"href":"https:\/\/archive.sana.sy\/es\/index.php?rest_route=\/wp\/v2\/posts\/311490\/revisions\/311491"}],"wp:attachment":[{"href":"https:\/\/archive.sana.sy\/es\/index.php?rest_route=%2Fwp%2Fv2%2Fmedia&parent=311490"}],"wp:term":[{"taxonomy":"category","embeddable":true,"href":"https:\/\/archive.sana.sy\/es\/index.php?rest_route=%2Fwp%2Fv2%2Fcategories&post=311490"},{"taxonomy":"post_tag","embeddable":true,"href":"https:\/\/archive.sana.sy\/es\/index.php?rest_route=%2Fwp%2Fv2%2Ftags&post=311490"}],"curies":[{"name":"wp","href":"https:\/\/api.w.org\/{rel}","templated":true}]}}