{"id":311511,"date":"2023-10-16T09:53:14","date_gmt":"2023-10-16T06:53:14","guid":{"rendered":"https:\/\/sana.sy\/es\/?p=311511"},"modified":"2023-10-16T10:53:15","modified_gmt":"2023-10-16T07:53:15","slug":"petro-no-apoyamos-genocidios-y-colombia-podria-cortar-relaciones-diplomaticas-con-israel","status":"publish","type":"post","link":"https:\/\/archive.sana.sy\/es\/?p=311511","title":{"rendered":"Petro: &#8220;No apoyamos genocidios y Colombia podr\u00eda cortar relaciones diplom\u00e1ticas con Israel&#8221;"},"content":{"rendered":"<p style=\"text-align: justify;\"><span style=\"color: #800000;\"><strong>Bogot\u00e1, 15 oct (SANA)<\/strong><\/span> El presidente de Colombia, Gustavo Petro, advirti\u00f3 que podr\u00eda romper las relaciones con &#8220;Israel&#8221; porque su pa\u00eds rechaza el genocidio.<\/p>\n<p style=\"text-align: justify;\">&#8220;Si hay que suspender relaciones exteriores con &#8220;Israel&#8221; las suspendemos. No apoyamos genocidios&#8221;, escribi\u00f3 Petro en la red social X.<\/p>\n<p style=\"text-align: justify;\">El mandatario dijo que \u201cla ONU debe citar de manera extraordinaria a la Asamblea General\u201d.<br \/>\nA trav\u00e9s de cuenta de X, Petro anunci\u00f3 que Colombia enviar\u00e1 ayuda humanitaria a Gaza tras los enfrentamientos con Israel y reitera llamado de paz en Gaza<\/p>\n<p style=\"text-align: justify;\">Por \u00faltimo, el presidente colombiano convoc\u00f3 en Am\u00e9rica Latina a una solidaridad real con Colombia para enfrentar las presiones israel\u00edes.<\/p>\n<p style=\"text-align: justify;\">lo\/fm<\/p>\n","protected":false},"excerpt":{"rendered":"<p>Bogot\u00e1, 15 oct (SANA) El presidente de Colombia, Gustavo Petro, advirti\u00f3 que podr\u00eda romper las relaciones con &#8220;Israel&#8221; porque su pa\u00eds rechaza el genocidio. &#8220;Si hay que suspender relaciones exteriores con &#8220;Israel&#8221; las suspendemos. No apoyamos genocidios&#8221;, escribi\u00f3 Petro en la red social X. El mandatario dijo que \u201cla ONU debe citar de manera extraordinaria &hellip;<\/p>\n","protected":false},"author":34,"featured_media":311512,"comment_status":"closed","ping_status":"closed","sticky":false,"template":"","format":"standard","meta":{"footnotes":""},"categories":[597,456,16687,7541],"tags":[],"class_list":["post-311511","post","type-post","status-publish","format-standard","has-post-thumbnail","","category-cinta-de-noticias","category-arabe-internacional-politica","category-internacionales","category-ultimas-noticias"],"_links":{"self":[{"href":"https:\/\/archive.sana.sy\/es\/index.php?rest_route=\/wp\/v2\/posts\/311511"}],"collection":[{"href":"https:\/\/archive.sana.sy\/es\/index.php?rest_route=\/wp\/v2\/posts"}],"about":[{"href":"https:\/\/archive.sana.sy\/es\/index.php?rest_route=\/wp\/v2\/types\/post"}],"author":[{"embeddable":true,"href":"https:\/\/archive.sana.sy\/es\/index.php?rest_route=\/wp\/v2\/users\/34"}],"replies":[{"embeddable":true,"href":"https:\/\/archive.sana.sy\/es\/index.php?rest_route=%2Fwp%2Fv2%2Fcomments&post=311511"}],"version-history":[{"count":2,"href":"https:\/\/archive.sana.sy\/es\/index.php?rest_route=\/wp\/v2\/posts\/311511\/revisions"}],"predecessor-version":[{"id":311515,"href":"https:\/\/archive.sana.sy\/es\/index.php?rest_route=\/wp\/v2\/posts\/311511\/revisions\/311515"}],"wp:featuredmedia":[{"embeddable":true,"href":"https:\/\/archive.sana.sy\/es\/index.php?rest_route=\/wp\/v2\/media\/311512"}],"wp:attachment":[{"href":"https:\/\/archive.sana.sy\/es\/index.php?rest_route=%2Fwp%2Fv2%2Fmedia&parent=311511"}],"wp:term":[{"taxonomy":"category","embeddable":true,"href":"https:\/\/archive.sana.sy\/es\/index.php?rest_route=%2Fwp%2Fv2%2Fcategories&post=311511"},{"taxonomy":"post_tag","embeddable":true,"href":"https:\/\/archive.sana.sy\/es\/index.php?rest_route=%2Fwp%2Fv2%2Ftags&post=311511"}],"curies":[{"name":"wp","href":"https:\/\/api.w.org\/{rel}","templated":true}]}}