{"id":311521,"date":"2023-10-16T11:51:43","date_gmt":"2023-10-16T08:51:43","guid":{"rendered":"https:\/\/sana.sy\/es\/?p=311521"},"modified":"2023-10-16T11:53:55","modified_gmt":"2023-10-16T08:53:55","slug":"manifestaciones-masivas-en-madrid-en-condena-a-los-crimenes-de-israel","status":"publish","type":"post","link":"https:\/\/archive.sana.sy\/es\/?p=311521","title":{"rendered":"Manifestaciones masivas en Madrid en condena a los cr\u00edmenes de &#8220;Israel&#8221;"},"content":{"rendered":"<blockquote>\n<p style=\"text-align: justify;\"><span style=\"color: #993300;\">Los participantes izaron banderas palestinas y pancartas con frases \u201cAbajo el colonialismo de Israel\u201d, \u201cParemos el genocidio contra los palestinos o \u201cAbajo el sionista y fascista Netayanhu\u201d.<\/span><br \/>\n<span style=\"color: #993300;\">Otras como \u201cel pueblo palestino se est\u00e1 muriendo\u00bb se escuch\u00f3 entre los manifestantes que enarbolaron banderas de Palestina y pidieron el fin de la violencia contra los pobladores de la Franja de Gaza.<\/span><\/p>\n<\/blockquote>\n<p style=\"text-align: justify;\"><span style=\"color: #800000;\"><strong>Madrid, 16 oct (SANA)<\/strong><\/span> Decenas de miles de personas se manifestaron en el centro de Madrid, en repudio a la agresi\u00f3n de Israel contra el pueblo palestino.<\/p>\n<p style=\"text-align: justify;\">La marcha, convocada por grupos de solidaridad, cont\u00f3 con el apoyo de partidos pol\u00edticos de izquierda, organizaciones sindicales y de la sociedad civil en Espa\u00f1a.<\/p>\n<p style=\"text-align: justify;\">Los participantes izaron banderas palestinas y pancartas con frases \u201cAbajo el colonialismo de Israel\u201d, \u201cParemos el genocidio contra los palestinos o \u201cAbajo el sionista y fascista Netayanhu\u201d.<\/p>\n<p style=\"text-align: justify;\">Asimismo, otras como \u201cel pueblo palestino se est\u00e1 muriendo\u00bb se escuch\u00f3 entre los manifestantes que enarbolaron banderas de Palestina y pidieron el fin de la violencia contra los pobladores de la Franja de Gaza.<\/p>\n<p style=\"text-align: justify;\">Adem\u00e1s, j\u00f3venes cargaron tres coronas funerarias para expresar su dolor ante las v\u00edctimas de los ataques de Israel a Gaza, con varios mensajes, como \u00abV\u00edctimas del genocidio estamos con vosotros\u00bb.<\/p>\n<p style=\"text-align: justify;\">Dirigentes de Podemos, Izquierda Unida y M\u00e1s Pa\u00eds participaron en la marcha, fustigando al Gobierno por complicidad con Tel Aviv, incluida la ministra de Derechos Sociales y Agenda 2030, Ione Belarra.<\/p>\n<p style=\"text-align: justify;\">En las \u00faltimas horas tuvieron lugar en Barcelona, Pamplona y Madrid manifestaciones en apoyo a Palestina y contra lo que denominaron \u201ccolonialismo de Israel\u201d.<\/p>\n<p style=\"text-align: justify;\">La v\u00edspera, los partidos Izquierda Unida (IU) y Podemos condenaron la ofensiva de Israel contra la Franja de Gaza, y pidieron al Gobierno de Espa\u00f1a actuar como presidente de la Uni\u00f3n Europea (UE).<\/p>\n<p style=\"text-align: justify;\">\u201cLos ataques a\u00e9reos que est\u00e1 lanzando el Ej\u00e9rcito israel\u00ed, algunos de ellos con f\u00f3sforo blanco, contra zonas densamente pobladas e infraestructuras civiles como escuelas u hospitales ya han asesinado a m\u00e1s de mil 900 palestinos, y desplazado a m\u00e1s de 420 mil\u201d, afirm\u00f3 la nota.<\/p>\n<p style=\"text-align: justify;\">as\/fm<\/p>\n","protected":false},"excerpt":{"rendered":"<p>Los participantes izaron banderas palestinas y pancartas con frases \u201cAbajo el colonialismo de Israel\u201d, \u201cParemos el genocidio contra los palestinos o \u201cAbajo el sionista y fascista Netayanhu\u201d. Otras como \u201cel pueblo palestino se est\u00e1 muriendo\u00bb se escuch\u00f3 entre los manifestantes que enarbolaron banderas de Palestina y pidieron el fin de la violencia contra los pobladores &hellip;<\/p>\n","protected":false},"author":42,"featured_media":311522,"comment_status":"closed","ping_status":"closed","sticky":false,"template":"","format":"standard","meta":{"footnotes":""},"categories":[597,456,16687,20724,7541],"tags":[],"class_list":["post-311521","post","type-post","status-publish","format-standard","has-post-thumbnail","","category-cinta-de-noticias","category-arabe-internacional-politica","category-internacionales","category-minuto-a-minuto","category-ultimas-noticias"],"_links":{"self":[{"href":"https:\/\/archive.sana.sy\/es\/index.php?rest_route=\/wp\/v2\/posts\/311521"}],"collection":[{"href":"https:\/\/archive.sana.sy\/es\/index.php?rest_route=\/wp\/v2\/posts"}],"about":[{"href":"https:\/\/archive.sana.sy\/es\/index.php?rest_route=\/wp\/v2\/types\/post"}],"author":[{"embeddable":true,"href":"https:\/\/archive.sana.sy\/es\/index.php?rest_route=\/wp\/v2\/users\/42"}],"replies":[{"embeddable":true,"href":"https:\/\/archive.sana.sy\/es\/index.php?rest_route=%2Fwp%2Fv2%2Fcomments&post=311521"}],"version-history":[{"count":2,"href":"https:\/\/archive.sana.sy\/es\/index.php?rest_route=\/wp\/v2\/posts\/311521\/revisions"}],"predecessor-version":[{"id":311524,"href":"https:\/\/archive.sana.sy\/es\/index.php?rest_route=\/wp\/v2\/posts\/311521\/revisions\/311524"}],"wp:featuredmedia":[{"embeddable":true,"href":"https:\/\/archive.sana.sy\/es\/index.php?rest_route=\/wp\/v2\/media\/311522"}],"wp:attachment":[{"href":"https:\/\/archive.sana.sy\/es\/index.php?rest_route=%2Fwp%2Fv2%2Fmedia&parent=311521"}],"wp:term":[{"taxonomy":"category","embeddable":true,"href":"https:\/\/archive.sana.sy\/es\/index.php?rest_route=%2Fwp%2Fv2%2Fcategories&post=311521"},{"taxonomy":"post_tag","embeddable":true,"href":"https:\/\/archive.sana.sy\/es\/index.php?rest_route=%2Fwp%2Fv2%2Ftags&post=311521"}],"curies":[{"name":"wp","href":"https:\/\/api.w.org\/{rel}","templated":true}]}}