{"id":311560,"date":"2023-10-16T16:38:53","date_gmt":"2023-10-16T13:38:53","guid":{"rendered":"http:\/\/sana.sy\/es\/?p=311560"},"modified":"2023-10-16T16:57:16","modified_gmt":"2023-10-16T13:57:16","slug":"decenas-de-palestinos-mueren-en-nueva-jornada-de-bombardeos-israelies-contra-gaza","status":"publish","type":"post","link":"https:\/\/archive.sana.sy\/es\/?p=311560","title":{"rendered":"Decenas de palestinos mueren en nueva jornada de bombardeos israel\u00edes contra Gaza"},"content":{"rendered":"<p style=\"text-align: justify;\"><span style=\"color: #800000;\"><strong>Jerusal\u00e9n ocupada, 16 oct (SANA)<\/strong> <\/span>Decenas de palestinos murieron y otros resultaron heridos hoy por la continua agresi\u00f3n de \u201cIsrael\u201d contra la Franja de Gaza.<\/p>\n<p style=\"text-align: justify;\">La agencia palestina \u201cWafa\u201d inform\u00f3 que los aviones de combate de la ocupaci\u00f3n israel\u00ed lanzaron esta madrugada una serie de redadas contra las viviendas palestinas en varias localidades de la Franja, como en el barrio de Al-Amal, Khan Yunis y el Campamento Nuseirat, lo que caus\u00f3 la muerte de 46 personas, mientras gran n\u00famero de viviendas fue destruido.<\/p>\n<p style=\"text-align: justify;\">Adem\u00e1s, cuatro palestinos perecieron y otros 11 fueron lesionados en bombardeo a\u00e9reo israel\u00ed contra casas palestinas en el campamento de Jabalia, en el norte de la Faja de Gaza.<\/p>\n<p style=\"text-align: justify;\">Asimismo, los medios de prensa palestinos informaron de un bombardeo contra dos sedes de la Defensa Civil, al suroeste de Gaza, dejando muertos a siete trabajadores.<\/p>\n<p style=\"text-align: justify;\">Fuentes de la Franja de Gaza advirtieron de una cat\u00e1strofe humanitaria y ambiental debido a la presencia de m\u00e1s de 1.000 m\u00e1rtires debajo de los escombros de las casas destruidas, lo que aumentar\u00eda significativamente el n\u00famero de m\u00e1rtires, y alertaron de un desastre ambiental y epidemias causadas por la degradaci\u00f3n de los cuerpos de los m\u00e1rtires.<\/p>\n<p style=\"text-align: justify;\">lo\/fm<\/p>\n","protected":false},"excerpt":{"rendered":"<p>Jerusal\u00e9n ocupada, 16 oct (SANA) Decenas de palestinos murieron y otros resultaron heridos hoy por la continua agresi\u00f3n de \u201cIsrael\u201d contra la Franja de Gaza. La agencia palestina \u201cWafa\u201d inform\u00f3 que los aviones de combate de la ocupaci\u00f3n israel\u00ed lanzaron esta madrugada una serie de redadas contra las viviendas palestinas en varias localidades de la &hellip;<\/p>\n","protected":false},"author":32,"featured_media":311574,"comment_status":"closed","ping_status":"closed","sticky":false,"template":"","format":"standard","meta":{"footnotes":""},"categories":[597,456,16687,7541],"tags":[],"class_list":["post-311560","post","type-post","status-publish","format-standard","has-post-thumbnail","","category-cinta-de-noticias","category-arabe-internacional-politica","category-internacionales","category-ultimas-noticias"],"_links":{"self":[{"href":"https:\/\/archive.sana.sy\/es\/index.php?rest_route=\/wp\/v2\/posts\/311560"}],"collection":[{"href":"https:\/\/archive.sana.sy\/es\/index.php?rest_route=\/wp\/v2\/posts"}],"about":[{"href":"https:\/\/archive.sana.sy\/es\/index.php?rest_route=\/wp\/v2\/types\/post"}],"author":[{"embeddable":true,"href":"https:\/\/archive.sana.sy\/es\/index.php?rest_route=\/wp\/v2\/users\/32"}],"replies":[{"embeddable":true,"href":"https:\/\/archive.sana.sy\/es\/index.php?rest_route=%2Fwp%2Fv2%2Fcomments&post=311560"}],"version-history":[{"count":2,"href":"https:\/\/archive.sana.sy\/es\/index.php?rest_route=\/wp\/v2\/posts\/311560\/revisions"}],"predecessor-version":[{"id":311565,"href":"https:\/\/archive.sana.sy\/es\/index.php?rest_route=\/wp\/v2\/posts\/311560\/revisions\/311565"}],"wp:featuredmedia":[{"embeddable":true,"href":"https:\/\/archive.sana.sy\/es\/index.php?rest_route=\/wp\/v2\/media\/311574"}],"wp:attachment":[{"href":"https:\/\/archive.sana.sy\/es\/index.php?rest_route=%2Fwp%2Fv2%2Fmedia&parent=311560"}],"wp:term":[{"taxonomy":"category","embeddable":true,"href":"https:\/\/archive.sana.sy\/es\/index.php?rest_route=%2Fwp%2Fv2%2Fcategories&post=311560"},{"taxonomy":"post_tag","embeddable":true,"href":"https:\/\/archive.sana.sy\/es\/index.php?rest_route=%2Fwp%2Fv2%2Ftags&post=311560"}],"curies":[{"name":"wp","href":"https:\/\/api.w.org\/{rel}","templated":true}]}}