{"id":311678,"date":"2023-10-17T12:37:25","date_gmt":"2023-10-17T09:37:25","guid":{"rendered":"https:\/\/sana.sy\/es\/?p=311678"},"modified":"2023-10-17T12:37:25","modified_gmt":"2023-10-17T09:37:25","slug":"aumenta-a-casi-tres-mil-la-cifra-de-muertos-palestinos-por-bombardeos-israelies-contra-gaza","status":"publish","type":"post","link":"https:\/\/archive.sana.sy\/es\/?p=311678","title":{"rendered":"Aumenta a casi tres mil la cifra de muertos palestinos por bombardeos israel\u00edes contra Gaza"},"content":{"rendered":"<p style=\"text-align: justify;\"><span style=\"color: #800000;\"><strong>Jerusal\u00e9n ocupada, 16 oct (SANA)\u00a0\u00a0<\/strong><\/span>\u00a0 El n\u00famero de palestinos muertos en la Franja de Gaza aument\u00f3 a 2.837 en medio de continuos ataques a\u00e9reos de &#8220;Israel&#8221; contra varias zonas de este enclave costero, inform\u00f3 el Ministerio de Salud palestino.<\/p>\n<p style=\"text-align: justify;\">Agreg\u00f3 que los bombardeos israel\u00edes hirieron a alrededor de 12 mil personas y\u00a0destruyeron a numerosos barrios residenciales e infraestructuras en la Franja.<\/p>\n<p style=\"text-align: justify;\">Seg\u00fan difundieron medios palestinos, m\u00e1s que 70 palestinos perdieron la vida y otros cientos fueron lesionados por incursiones a\u00e9reas contra\u00a0 varias casas en las ciudades de Rafah y Khan Yunis, en Gaza.<\/p>\n<p style=\"text-align: justify;\">Asimismo, otros gazat\u00edes fallecieron en semejante ofensiva de los aviones sionistas contra varias casas en los barrios de Al-Nasr y Deir Al-Balah, en el centro\u00a0de este territorio palestino.<\/p>\n<p style=\"text-align: justify;\">En el mismo contexto, la artiller\u00eda israel\u00ed bombarde\u00f3 zonas en el este del campamento de Jabalia y Deir al-Balah en el norte y el centro de la Franja.<\/p>\n<p><strong>ws\/fm<\/strong><\/p>\n","protected":false},"excerpt":{"rendered":"<p>Jerusal\u00e9n ocupada, 16 oct (SANA)\u00a0\u00a0\u00a0 El n\u00famero de palestinos muertos en la Franja de Gaza aument\u00f3 a 2.837 en medio de continuos ataques a\u00e9reos de &#8220;Israel&#8221; contra varias zonas de este enclave costero, inform\u00f3 el Ministerio de Salud palestino. Agreg\u00f3 que los bombardeos israel\u00edes hirieron a alrededor de 12 mil personas y\u00a0destruyeron a numerosos barrios &hellip;<\/p>\n","protected":false},"author":35,"featured_media":311680,"comment_status":"closed","ping_status":"closed","sticky":false,"template":"","format":"standard","meta":{"footnotes":""},"categories":[597,456,16687,20724,583],"tags":[],"class_list":["post-311678","post","type-post","status-publish","format-standard","has-post-thumbnail","","category-cinta-de-noticias","category-arabe-internacional-politica","category-internacionales","category-minuto-a-minuto","category-slide"],"_links":{"self":[{"href":"https:\/\/archive.sana.sy\/es\/index.php?rest_route=\/wp\/v2\/posts\/311678"}],"collection":[{"href":"https:\/\/archive.sana.sy\/es\/index.php?rest_route=\/wp\/v2\/posts"}],"about":[{"href":"https:\/\/archive.sana.sy\/es\/index.php?rest_route=\/wp\/v2\/types\/post"}],"author":[{"embeddable":true,"href":"https:\/\/archive.sana.sy\/es\/index.php?rest_route=\/wp\/v2\/users\/35"}],"replies":[{"embeddable":true,"href":"https:\/\/archive.sana.sy\/es\/index.php?rest_route=%2Fwp%2Fv2%2Fcomments&post=311678"}],"version-history":[{"count":1,"href":"https:\/\/archive.sana.sy\/es\/index.php?rest_route=\/wp\/v2\/posts\/311678\/revisions"}],"predecessor-version":[{"id":311681,"href":"https:\/\/archive.sana.sy\/es\/index.php?rest_route=\/wp\/v2\/posts\/311678\/revisions\/311681"}],"wp:featuredmedia":[{"embeddable":true,"href":"https:\/\/archive.sana.sy\/es\/index.php?rest_route=\/wp\/v2\/media\/311680"}],"wp:attachment":[{"href":"https:\/\/archive.sana.sy\/es\/index.php?rest_route=%2Fwp%2Fv2%2Fmedia&parent=311678"}],"wp:term":[{"taxonomy":"category","embeddable":true,"href":"https:\/\/archive.sana.sy\/es\/index.php?rest_route=%2Fwp%2Fv2%2Fcategories&post=311678"},{"taxonomy":"post_tag","embeddable":true,"href":"https:\/\/archive.sana.sy\/es\/index.php?rest_route=%2Fwp%2Fv2%2Ftags&post=311678"}],"curies":[{"name":"wp","href":"https:\/\/api.w.org\/{rel}","templated":true}]}}