{"id":31169,"date":"2015-10-07T11:57:08","date_gmt":"2015-10-07T08:57:08","guid":{"rendered":"http:\/\/sana.sy\/es\/?p=31169"},"modified":"2015-10-07T11:57:08","modified_gmt":"2015-10-07T08:57:08","slug":"ai-urge-a-cortar-envio-de-armas-a-los-paises-partes-de-la-agresion-contra-yemen","status":"publish","type":"post","link":"https:\/\/archive.sana.sy\/es\/?p=31169","title":{"rendered":"AI urge a cortar env\u00edo de armas a los pa\u00edses partes de la agresi\u00f3n contra Yemen"},"content":{"rendered":"<p><span style=\"color: #800000\">Ginebra, SANA<\/span><\/p>\n<p>Amnist\u00eda Internacional urgi\u00f3 a poner fin al env\u00edo de armas prohibidas a Arabia Saud\u00ed, en un intento para evitar la muerte de civiles yemen\u00edes.<\/p>\n<p>En un informe publicado el martes en su p\u00e1gina web, Amnist\u00eda Internacional destaca los cr\u00edmenes de guerra que cometen Riad y sus aliados en Yemen, utilizando bombas de racimo y aviones y helic\u00f3pteros de combate que reciben de pa\u00edses como Estados Unidos.<\/p>\n<p>En el mismo contexto, AI urgi\u00f3 a la apertura de una investigaci\u00f3n \u201cindependiente\u201d y \u201ceficaz\u201d sobre las violaciones de derechos humanos que protagoniza Riad en ese territorio \u00e1rabe.<\/p>\n<p>Amnist\u00eda Internacional mencion\u00f3 que al menos cuatro de los ataques a\u00e9reos investigados, alcanzaron viviendas en m\u00e1s de una ocasi\u00f3n, lo que parece indicar que eran los verdaderos objetivos, a pesar de que no exist\u00eda ninguna prueba de que se estuvieran utilizando para fines militares.<\/p>\n<p>Menciona, adem\u00e1s, la muerte de unos 100 civiles en 13 incursiones a\u00e9reas realizadas entre mayo y julio de 2015 contra la provincia de Saada.<\/p>\n<p>Seg\u00fan las \u00faltimas cifras anunciadas por la Coalici\u00f3n Civil de Yemen, al menos 6090 yemen\u00edes, entre ellos, 1698 ni\u00f1os y 1038 mujeres, perdieron la vida como consecuencia de la agresi\u00f3n saud\u00ed.<\/p>\n<p><span style=\"color: #00ccff\">Fady M., Hala B.<\/span><\/p>\n","protected":false},"excerpt":{"rendered":"<p>Ginebra, SANA Amnist\u00eda Internacional urgi\u00f3 a poner fin al env\u00edo de armas prohibidas a Arabia Saud\u00ed, en un intento para evitar la muerte de civiles yemen\u00edes. En un informe publicado el martes en su p\u00e1gina web, Amnist\u00eda Internacional destaca los cr\u00edmenes de guerra que cometen Riad y sus aliados en Yemen, utilizando bombas de racimo &hellip;<\/p>\n","protected":false},"author":1,"featured_media":31170,"comment_status":"closed","ping_status":"closed","sticky":false,"template":"","format":"standard","meta":{"footnotes":""},"categories":[456,457,576],"tags":[6938],"class_list":["post-31169","post","type-post","status-publish","format-standard","has-post-thumbnail","","category-arabe-internacional-politica","category-noticias-arabe-internacional-politica","category-noticias-politicas","tag-ai-urge-a-cortar-envio-de-armas-a-los-paises-partes-de-la-agresion-contra-yemen"],"_links":{"self":[{"href":"https:\/\/archive.sana.sy\/es\/index.php?rest_route=\/wp\/v2\/posts\/31169"}],"collection":[{"href":"https:\/\/archive.sana.sy\/es\/index.php?rest_route=\/wp\/v2\/posts"}],"about":[{"href":"https:\/\/archive.sana.sy\/es\/index.php?rest_route=\/wp\/v2\/types\/post"}],"author":[{"embeddable":true,"href":"https:\/\/archive.sana.sy\/es\/index.php?rest_route=\/wp\/v2\/users\/1"}],"replies":[{"embeddable":true,"href":"https:\/\/archive.sana.sy\/es\/index.php?rest_route=%2Fwp%2Fv2%2Fcomments&post=31169"}],"version-history":[{"count":0,"href":"https:\/\/archive.sana.sy\/es\/index.php?rest_route=\/wp\/v2\/posts\/31169\/revisions"}],"wp:featuredmedia":[{"embeddable":true,"href":"https:\/\/archive.sana.sy\/es\/index.php?rest_route=\/wp\/v2\/media\/31170"}],"wp:attachment":[{"href":"https:\/\/archive.sana.sy\/es\/index.php?rest_route=%2Fwp%2Fv2%2Fmedia&parent=31169"}],"wp:term":[{"taxonomy":"category","embeddable":true,"href":"https:\/\/archive.sana.sy\/es\/index.php?rest_route=%2Fwp%2Fv2%2Fcategories&post=31169"},{"taxonomy":"post_tag","embeddable":true,"href":"https:\/\/archive.sana.sy\/es\/index.php?rest_route=%2Fwp%2Fv2%2Ftags&post=31169"}],"curies":[{"name":"wp","href":"https:\/\/api.w.org\/{rel}","templated":true}]}}