{"id":311773,"date":"2023-10-18T08:15:38","date_gmt":"2023-10-18T05:15:38","guid":{"rendered":"https:\/\/sana.sy\/es\/?p=311773"},"modified":"2023-10-18T08:16:02","modified_gmt":"2023-10-18T05:16:02","slug":"cuba-venezuela-nicaragua-y-chile-condena-criminal-bombardeo-israeli-contra-hospital-en-gaza","status":"publish","type":"post","link":"https:\/\/archive.sana.sy\/es\/?p=311773","title":{"rendered":"Cuba, Venezuela, Nicaragua y Chile condena criminal bombardeo israel\u00ed contra hospital en Gaza"},"content":{"rendered":"<blockquote>\n<p style=\"text-align: justify;\"><span style=\"color: #800000;\">\u201cLas causas son claras. Los pueblos del mundo exigimos el cese del salvajismo, la brutalidad y la negaci\u00f3n de toda inteligencia y sensibilidad\u201d<\/span><\/p>\n<\/blockquote>\n<p style=\"text-align: justify;\"><span style=\"color: #800000;\"><strong>Capitales, 18 oct (SANA)<\/strong> <\/span>El ministro de Relaciones Exteriores de Cuba, Bruno Rodr\u00edguez, conden\u00f3 el criminal bombardeo de Israel contra el hospital AI Ahli en Gaza que ha provocado al menos 600 muertos y cientos de heridos.<\/p>\n<p style=\"text-align: justify;\">En su cuenta en X, el titular de esa cartera repudi\u00f3, a nombre de su gobierno y en los t\u00e9rminos m\u00e1s en\u00e9rgicos ese acto \u201crepudiable que constituye una violaci\u00f3n del Derecho Internacional humanitario\u201d.<\/p>\n<p style=\"text-align: justify;\">A su vez, Venezuela rechaz\u00f3 ataque israel\u00ed a hospital en Gaza y expres\u00f3 su en\u00e9rgica condena al mismo.<\/p>\n<p style=\"text-align: justify;\">Un comunicado del Ministerio para Relaciones Exteriores tild\u00f3 de \u201cinhumano e injustificable\u201d este acto, el cual se suma a la larga lista de cr\u00edmenes cometidos en los \u00faltimos d\u00edas contra la poblaci\u00f3n civil en esa porci\u00f3n de la Palestina ocupada, apunt\u00f3.<\/p>\n<p style=\"text-align: justify;\">La nota subray\u00f3 que las agresiones constituyen una clara violaci\u00f3n a los Derechos Humanos y al Derecho Internacional Humanitario, y evidencia una vez m\u00e1s la \u201cpol\u00edtica de apartheid, agresi\u00f3n y exterminio\u201d que el Estado de Israel ha perpetrado contra el pueblo palestino.<\/p>\n<p style=\"text-align: justify;\">Asimismo, el Gobierno de Nicaragua conden\u00f3 el ataque perpetrado por Israel contra el Hospital y expres\u00f3 su dolor y solidaridad ante ese hecho y lo calific\u00f3 como un crimen de lesa humanidad.<\/p>\n<p style=\"text-align: justify;\">En un comunicado, afirm\u00f3 que el ataque no solo merece ser repudiado, sino denunciado y condenado como una muestra m\u00e1s de los resultados del odio, la exclusi\u00f3n y la negaci\u00f3n de los derechos y del m\u00e1s elemental sentimiento de humanidad.<\/p>\n<p style=\"text-align: justify;\">\u201cQue los responsables de tanta barbarie respondan al mundo y la familia humana por sus cr\u00edmenes\u201d, sentenci\u00f3 y a\u00f1adi\u00f3 que ese tipo de cr\u00edmenes inconcebibles, no tienen perd\u00f3n de Dios.<\/p>\n<p style=\"text-align: justify;\">El texto inst\u00f3 a la comunidad internacional a actuar cuanto antes y a exigir soluciones en derecho y justicia para frenar la \u201cinsensata espiral de violencia que ya es genocidio\u201d.<\/p>\n<p style=\"text-align: justify;\">\u201cLas causas son claras. Los pueblos del mundo exigimos el cese del salvajismo, la brutalidad y la negaci\u00f3n de toda inteligencia y sensibilidad\u201d, subray\u00f3.<\/p>\n<p style=\"text-align: justify;\">El gobierno chileno conden\u00f3 en\u00e9rgicamente el brutal ataque contra el Hospital Bautista.<\/p>\n<p style=\"text-align: justify;\">\u201cEl ataque a un centro hospitalario constituye una grave violaci\u00f3n al Derecho Internacional y el Derecho Internacional Humanitario, los cuales deben ser respetados sin excepci\u00f3n\u201d, se\u00f1al\u00f3 un comunicado publicado por la Canciller\u00eda chilena.<\/p>\n<p style=\"text-align: justify;\">Advierte el texto que el incumplimiento de estas normas es un atentado contra la dignidad de las personas y pone en riesgo la paz y la seguridad mundial.<\/p>\n<p style=\"text-align: justify;\">\u201cEste hecho puede constituir un crimen de guerra que debe ser investigado por las autoridades nacionales e internacionales competentes\u201d, agreg\u00f3 el Ministerio de Relaciones Exteriores.<\/p>\n<p style=\"text-align: justify;\"><strong>fm\/ws<\/strong><\/p>\n","protected":false},"excerpt":{"rendered":"<p>\u201cLas causas son claras. Los pueblos del mundo exigimos el cese del salvajismo, la brutalidad y la negaci\u00f3n de toda inteligencia y sensibilidad\u201d Capitales, 18 oct (SANA) El ministro de Relaciones Exteriores de Cuba, Bruno Rodr\u00edguez, conden\u00f3 el criminal bombardeo de Israel contra el hospital AI Ahli en Gaza que ha provocado al menos 600 &hellip;<\/p>\n","protected":false},"author":35,"featured_media":311774,"comment_status":"closed","ping_status":"closed","sticky":false,"template":"","format":"standard","meta":{"footnotes":""},"categories":[597,456,16687,20724,7541],"tags":[],"class_list":["post-311773","post","type-post","status-publish","format-standard","has-post-thumbnail","","category-cinta-de-noticias","category-arabe-internacional-politica","category-internacionales","category-minuto-a-minuto","category-ultimas-noticias"],"_links":{"self":[{"href":"https:\/\/archive.sana.sy\/es\/index.php?rest_route=\/wp\/v2\/posts\/311773"}],"collection":[{"href":"https:\/\/archive.sana.sy\/es\/index.php?rest_route=\/wp\/v2\/posts"}],"about":[{"href":"https:\/\/archive.sana.sy\/es\/index.php?rest_route=\/wp\/v2\/types\/post"}],"author":[{"embeddable":true,"href":"https:\/\/archive.sana.sy\/es\/index.php?rest_route=\/wp\/v2\/users\/35"}],"replies":[{"embeddable":true,"href":"https:\/\/archive.sana.sy\/es\/index.php?rest_route=%2Fwp%2Fv2%2Fcomments&post=311773"}],"version-history":[{"count":2,"href":"https:\/\/archive.sana.sy\/es\/index.php?rest_route=\/wp\/v2\/posts\/311773\/revisions"}],"predecessor-version":[{"id":311776,"href":"https:\/\/archive.sana.sy\/es\/index.php?rest_route=\/wp\/v2\/posts\/311773\/revisions\/311776"}],"wp:featuredmedia":[{"embeddable":true,"href":"https:\/\/archive.sana.sy\/es\/index.php?rest_route=\/wp\/v2\/media\/311774"}],"wp:attachment":[{"href":"https:\/\/archive.sana.sy\/es\/index.php?rest_route=%2Fwp%2Fv2%2Fmedia&parent=311773"}],"wp:term":[{"taxonomy":"category","embeddable":true,"href":"https:\/\/archive.sana.sy\/es\/index.php?rest_route=%2Fwp%2Fv2%2Fcategories&post=311773"},{"taxonomy":"post_tag","embeddable":true,"href":"https:\/\/archive.sana.sy\/es\/index.php?rest_route=%2Fwp%2Fv2%2Ftags&post=311773"}],"curies":[{"name":"wp","href":"https:\/\/api.w.org\/{rel}","templated":true}]}}