{"id":311816,"date":"2023-10-18T12:20:43","date_gmt":"2023-10-18T09:20:43","guid":{"rendered":"https:\/\/sana.sy\/es\/?p=311816"},"modified":"2023-10-18T12:21:02","modified_gmt":"2023-10-18T09:21:02","slug":"eeuu-es-complice-en-el-brutal-crimen-israeli-contra-el-hospital-bautista","status":"publish","type":"post","link":"https:\/\/archive.sana.sy\/es\/?p=311816","title":{"rendered":"EEUU es c\u00f3mplice en el brutal crimen israel\u00ed contra el Hospital Bautista"},"content":{"rendered":"<p style=\"text-align: justify;\"><strong><span style=\"color: #800000;\">Jerusal\u00e9n ocupada, 18 oct (SANA)\u00a0<\/span><\/strong> La Resistencia Palestina afirm\u00f3 hoy que el ocupante israel\u00ed es directamente responsable de la masacre cometida contra el Hospital Bautista y sus flagrantes mentiras no enga\u00f1ar\u00e1n a nadie.<\/p>\n<p>En un comunicado, la Resistencia explic\u00f3 que el r\u00e9gimen israel\u00ed est\u00e1 tratando en vano de no reconocer que sus fuerzas perpetraron este acto de barbarie, y lanza acusaciones infundadas.<\/p>\n<p style=\"text-align: justify;\">Las autoridades israel\u00edes son las que amenazaron con bombardear el Hospital Bautista junto con otros 22 hospitales y centros m\u00e9dicos, con todo el personal m\u00e9dico, los pacientes y los heridos dentro, aclar\u00f3.<\/p>\n<p style=\"text-align: justify;\">La Resistencia agreg\u00f3 que 23 ambulancias y m\u00e1s de 25 m\u00e9dicos y sus familias fueron blancos de los bombardeos israel\u00edes teniendo, adem\u00e1s de la muerte de m\u00e1s de 3.000 civiles palestinos, el 70% de los cuales eran ni\u00f1os y mujeres, por disparos israel\u00edes.<\/p>\n<p style=\"text-align: justify;\">La masacre se cometi\u00f3 con misiles estadounidenses de los que solo &#8220;Israel&#8221; dispone, asever\u00f3.<\/p>\n<p style=\"text-align: justify;\">La resistencia llam\u00f3 a las Naciones Unidas y a todos los pa\u00edses a condenar este crimen atroz y detener esta brutal agresi\u00f3n y genocidio que est\u00e1 teniendo lugar por decisiones de los l\u00edderes de la ocupaci\u00f3n.<\/p>\n<p style=\"text-align: justify;\"><strong>ws\/fm<\/strong><\/p>\n","protected":false},"excerpt":{"rendered":"<p>Jerusal\u00e9n ocupada, 18 oct (SANA)\u00a0 La Resistencia Palestina afirm\u00f3 hoy que el ocupante israel\u00ed es directamente responsable de la masacre cometida contra el Hospital Bautista y sus flagrantes mentiras no enga\u00f1ar\u00e1n a nadie. En un comunicado, la Resistencia explic\u00f3 que el r\u00e9gimen israel\u00ed est\u00e1 tratando en vano de no reconocer que sus fuerzas perpetraron este &hellip;<\/p>\n","protected":false},"author":35,"featured_media":311817,"comment_status":"closed","ping_status":"closed","sticky":false,"template":"","format":"standard","meta":{"footnotes":""},"categories":[597,456,16687,20724,7541],"tags":[],"class_list":["post-311816","post","type-post","status-publish","format-standard","has-post-thumbnail","","category-cinta-de-noticias","category-arabe-internacional-politica","category-internacionales","category-minuto-a-minuto","category-ultimas-noticias"],"_links":{"self":[{"href":"https:\/\/archive.sana.sy\/es\/index.php?rest_route=\/wp\/v2\/posts\/311816"}],"collection":[{"href":"https:\/\/archive.sana.sy\/es\/index.php?rest_route=\/wp\/v2\/posts"}],"about":[{"href":"https:\/\/archive.sana.sy\/es\/index.php?rest_route=\/wp\/v2\/types\/post"}],"author":[{"embeddable":true,"href":"https:\/\/archive.sana.sy\/es\/index.php?rest_route=\/wp\/v2\/users\/35"}],"replies":[{"embeddable":true,"href":"https:\/\/archive.sana.sy\/es\/index.php?rest_route=%2Fwp%2Fv2%2Fcomments&post=311816"}],"version-history":[{"count":1,"href":"https:\/\/archive.sana.sy\/es\/index.php?rest_route=\/wp\/v2\/posts\/311816\/revisions"}],"predecessor-version":[{"id":311818,"href":"https:\/\/archive.sana.sy\/es\/index.php?rest_route=\/wp\/v2\/posts\/311816\/revisions\/311818"}],"wp:featuredmedia":[{"embeddable":true,"href":"https:\/\/archive.sana.sy\/es\/index.php?rest_route=\/wp\/v2\/media\/311817"}],"wp:attachment":[{"href":"https:\/\/archive.sana.sy\/es\/index.php?rest_route=%2Fwp%2Fv2%2Fmedia&parent=311816"}],"wp:term":[{"taxonomy":"category","embeddable":true,"href":"https:\/\/archive.sana.sy\/es\/index.php?rest_route=%2Fwp%2Fv2%2Fcategories&post=311816"},{"taxonomy":"post_tag","embeddable":true,"href":"https:\/\/archive.sana.sy\/es\/index.php?rest_route=%2Fwp%2Fv2%2Ftags&post=311816"}],"curies":[{"name":"wp","href":"https:\/\/api.w.org\/{rel}","templated":true}]}}