{"id":311822,"date":"2023-10-18T13:08:37","date_gmt":"2023-10-18T10:08:37","guid":{"rendered":"https:\/\/sana.sy\/es\/?p=311822"},"modified":"2023-10-18T13:24:45","modified_gmt":"2023-10-18T10:24:45","slug":"los-zapatitos-blancos","status":"publish","type":"post","link":"https:\/\/archive.sana.sy\/es\/?p=311822","title":{"rendered":"Los zapatitos blancos"},"content":{"rendered":"<p style=\"text-align: justify;\"><span style=\"color: #800000;\"><strong>Damasco, 18 oct (SANA) <\/strong><\/span>Estos zapatitos blancos los llevaba la ni\u00f1a palestina Haya quien estaba junto a su madre y su hermano en el Hospital Al-Maamadani \u201cBautista\u201d, que fue bombardeado por \u201cIsrael\u201d la noche del martes.<\/p>\n<p style=\"text-align: justify;\">Haya dir\u00eda: \u201cMis zapatos blancos ya no hacen la diferencia.<\/p>\n<p style=\"text-align: justify;\">Quiz\u00e1s hagan la diferencia para ustedes que viven en lugares lejanos de este gran mundo&#8230; y quiz\u00e1s tengan muchos zapatos y no quieran m\u00e1s.<\/p>\n<p style=\"text-align: justify;\">En cuanto a m\u00ed, mi hermano y mi mam\u00e1, los israel\u00edes nos dieron a todos mortajas blancas\u201d.<\/p>\n<p style=\"text-align: justify;\">fm\/as<\/p>\n","protected":false},"excerpt":{"rendered":"<p>Damasco, 18 oct (SANA) Estos zapatitos blancos los llevaba la ni\u00f1a palestina Haya quien estaba junto a su madre y su hermano en el Hospital Al-Maamadani \u201cBautista\u201d, que fue bombardeado por \u201cIsrael\u201d la noche del martes. Haya dir\u00eda: \u201cMis zapatos blancos ya no hacen la diferencia. Quiz\u00e1s hagan la diferencia para ustedes que viven en &hellip;<\/p>\n","protected":false},"author":42,"featured_media":311823,"comment_status":"closed","ping_status":"closed","sticky":false,"template":"","format":"standard","meta":{"footnotes":""},"categories":[597,456,16687,20724,7541],"tags":[],"class_list":["post-311822","post","type-post","status-publish","format-standard","has-post-thumbnail","","category-cinta-de-noticias","category-arabe-internacional-politica","category-internacionales","category-minuto-a-minuto","category-ultimas-noticias"],"_links":{"self":[{"href":"https:\/\/archive.sana.sy\/es\/index.php?rest_route=\/wp\/v2\/posts\/311822"}],"collection":[{"href":"https:\/\/archive.sana.sy\/es\/index.php?rest_route=\/wp\/v2\/posts"}],"about":[{"href":"https:\/\/archive.sana.sy\/es\/index.php?rest_route=\/wp\/v2\/types\/post"}],"author":[{"embeddable":true,"href":"https:\/\/archive.sana.sy\/es\/index.php?rest_route=\/wp\/v2\/users\/42"}],"replies":[{"embeddable":true,"href":"https:\/\/archive.sana.sy\/es\/index.php?rest_route=%2Fwp%2Fv2%2Fcomments&post=311822"}],"version-history":[{"count":3,"href":"https:\/\/archive.sana.sy\/es\/index.php?rest_route=\/wp\/v2\/posts\/311822\/revisions"}],"predecessor-version":[{"id":311826,"href":"https:\/\/archive.sana.sy\/es\/index.php?rest_route=\/wp\/v2\/posts\/311822\/revisions\/311826"}],"wp:featuredmedia":[{"embeddable":true,"href":"https:\/\/archive.sana.sy\/es\/index.php?rest_route=\/wp\/v2\/media\/311823"}],"wp:attachment":[{"href":"https:\/\/archive.sana.sy\/es\/index.php?rest_route=%2Fwp%2Fv2%2Fmedia&parent=311822"}],"wp:term":[{"taxonomy":"category","embeddable":true,"href":"https:\/\/archive.sana.sy\/es\/index.php?rest_route=%2Fwp%2Fv2%2Fcategories&post=311822"},{"taxonomy":"post_tag","embeddable":true,"href":"https:\/\/archive.sana.sy\/es\/index.php?rest_route=%2Fwp%2Fv2%2Ftags&post=311822"}],"curies":[{"name":"wp","href":"https:\/\/api.w.org\/{rel}","templated":true}]}}