{"id":311896,"date":"2023-10-18T20:27:31","date_gmt":"2023-10-18T17:27:31","guid":{"rendered":"https:\/\/sana.sy\/es\/?p=311896"},"modified":"2023-10-18T20:27:31","modified_gmt":"2023-10-18T17:27:31","slug":"medios-palestinos-desde-el-inicio-de-la-agresion-israeli-contra-gaza-el-ocupante-cometio-433-masacres-y-dejo-2-421-martires","status":"publish","type":"post","link":"https:\/\/archive.sana.sy\/es\/?p=311896","title":{"rendered":"Medios palestinos: Desde el inicio de la agresi\u00f3n israel\u00ed contra Gaza, el ocupante cometi\u00f3 433 masacres y dej\u00f3 2.421 m\u00e1rtires."},"content":{"rendered":"","protected":false},"excerpt":{"rendered":"","protected":false},"author":24,"featured_media":0,"comment_status":"closed","ping_status":"closed","sticky":false,"template":"","format":"standard","meta":{"footnotes":""},"categories":[20724],"tags":[],"class_list":["post-311896","post","type-post","status-publish","format-standard","","category-minuto-a-minuto"],"_links":{"self":[{"href":"https:\/\/archive.sana.sy\/es\/index.php?rest_route=\/wp\/v2\/posts\/311896"}],"collection":[{"href":"https:\/\/archive.sana.sy\/es\/index.php?rest_route=\/wp\/v2\/posts"}],"about":[{"href":"https:\/\/archive.sana.sy\/es\/index.php?rest_route=\/wp\/v2\/types\/post"}],"author":[{"embeddable":true,"href":"https:\/\/archive.sana.sy\/es\/index.php?rest_route=\/wp\/v2\/users\/24"}],"replies":[{"embeddable":true,"href":"https:\/\/archive.sana.sy\/es\/index.php?rest_route=%2Fwp%2Fv2%2Fcomments&post=311896"}],"version-history":[{"count":1,"href":"https:\/\/archive.sana.sy\/es\/index.php?rest_route=\/wp\/v2\/posts\/311896\/revisions"}],"predecessor-version":[{"id":311897,"href":"https:\/\/archive.sana.sy\/es\/index.php?rest_route=\/wp\/v2\/posts\/311896\/revisions\/311897"}],"wp:attachment":[{"href":"https:\/\/archive.sana.sy\/es\/index.php?rest_route=%2Fwp%2Fv2%2Fmedia&parent=311896"}],"wp:term":[{"taxonomy":"category","embeddable":true,"href":"https:\/\/archive.sana.sy\/es\/index.php?rest_route=%2Fwp%2Fv2%2Fcategories&post=311896"},{"taxonomy":"post_tag","embeddable":true,"href":"https:\/\/archive.sana.sy\/es\/index.php?rest_route=%2Fwp%2Fv2%2Ftags&post=311896"}],"curies":[{"name":"wp","href":"https:\/\/api.w.org\/{rel}","templated":true}]}}