{"id":311900,"date":"2023-10-18T21:03:01","date_gmt":"2023-10-18T18:03:01","guid":{"rendered":"https:\/\/sana.sy\/es\/?p=311900"},"modified":"2023-10-18T21:03:01","modified_gmt":"2023-10-18T18:03:01","slug":"realizan-en-ciudad-de-hasakeh-un-acto-de-solidaridad-con-los-hermanos-palestinos","status":"publish","type":"post","link":"https:\/\/archive.sana.sy\/es\/?p=311900","title":{"rendered":"Realizan en ciudad de Hasakeh un acto de solidaridad con los hermanos palestinos"},"content":{"rendered":"<p style=\"text-align: justify\"><span style=\"color: #800000\"><strong>Hasakeh, 18 oct (SANA)<\/strong> <\/span>Miembros del Partido Baath junto con numerosos activistas organizaron este mi\u00e9rcoles un acto de solidaridad con los hermanos palestinos en la sitiada Franja de Gaza en el centro de la ciudad de Hasakeh en el noreste sirio.<\/p>\n<p style=\"text-align: justify\">Los congregados encendieron velas y rezaron por el descanso de las almas de los m\u00e1rtires palestinos que cayeron en las \u00faltimas masacres israel\u00edes, especialmente el bombardeo brutal contra el Hospital Bautista.<\/p>\n<p style=\"text-align: justify\">Tildaron lo que est\u00e1 sucediendo en Gaza de \u201cun crimen de lesa humanidad\u201d, y dirigieron un llamado a todos los libres del mundo para actuar de forma urgente con el fin de cesar el terrorismo sistem\u00e1tico cometido por el ocupante israel\u00ed contra el pueblo palestino.<\/p>\n<p style=\"text-align: justify\">Subrayaron que \u201cIsrael\u201d practica una guerra de exterminio encaminada a liquidar la causa palestina en medio de un vergonzoso silencio internacional.<\/p>\n<p style=\"text-align: justify\">Expresaron su confianza en que el Eje de Resistencia cantar\u00e1 victoria, liberar\u00e1 la tierra ocupada y declarar\u00e1 el Estado palestino con Jerusal\u00e9n como su capital.<\/p>\n<div id='gallery-1' class='gallery galleryid-311900 gallery-columns-1 gallery-size-full'><figure class='gallery-item'>\n\t\t\t<div class='gallery-icon landscape'>\n\t\t\t\t<a href='https:\/\/archive.sana.sy\/es\/wp-content\/uploads\/2023\/10\/Realizan-en-ciudad-de-Hasakeh-un-acto-de-solidaridad-con-los-hermanos-palestinos-1.jpeg'><img loading=\"lazy\" decoding=\"async\" width=\"660\" height=\"372\" src=\"https:\/\/archive.sana.sy\/es\/wp-content\/uploads\/2023\/10\/Realizan-en-ciudad-de-Hasakeh-un-acto-de-solidaridad-con-los-hermanos-palestinos-1.jpeg\" class=\"attachment-full size-full\" alt=\"\" srcset=\"https:\/\/archive.sana.sy\/es\/wp-content\/uploads\/2023\/10\/Realizan-en-ciudad-de-Hasakeh-un-acto-de-solidaridad-con-los-hermanos-palestinos-1.jpeg 660w, https:\/\/archive.sana.sy\/es\/wp-content\/uploads\/2023\/10\/Realizan-en-ciudad-de-Hasakeh-un-acto-de-solidaridad-con-los-hermanos-palestinos-1-300x169.jpeg 300w, https:\/\/archive.sana.sy\/es\/wp-content\/uploads\/2023\/10\/Realizan-en-ciudad-de-Hasakeh-un-acto-de-solidaridad-con-los-hermanos-palestinos-1-150x85.jpeg 150w\" sizes=\"(max-width: 660px) 100vw, 660px\" \/><\/a>\n\t\t\t<\/div><\/figure><figure class='gallery-item'>\n\t\t\t<div class='gallery-icon landscape'>\n\t\t\t\t<a href='https:\/\/archive.sana.sy\/es\/wp-content\/uploads\/2023\/10\/Realizan-en-ciudad-de-Hasakeh-un-acto-de-solidaridad-con-los-hermanos-palestinos-2.jpeg'><img loading=\"lazy\" decoding=\"async\" width=\"660\" height=\"452\" src=\"https:\/\/archive.sana.sy\/es\/wp-content\/uploads\/2023\/10\/Realizan-en-ciudad-de-Hasakeh-un-acto-de-solidaridad-con-los-hermanos-palestinos-2.jpeg\" class=\"attachment-full size-full\" alt=\"\" srcset=\"https:\/\/archive.sana.sy\/es\/wp-content\/uploads\/2023\/10\/Realizan-en-ciudad-de-Hasakeh-un-acto-de-solidaridad-con-los-hermanos-palestinos-2.jpeg 660w, https:\/\/archive.sana.sy\/es\/wp-content\/uploads\/2023\/10\/Realizan-en-ciudad-de-Hasakeh-un-acto-de-solidaridad-con-los-hermanos-palestinos-2-300x205.jpeg 300w, https:\/\/archive.sana.sy\/es\/wp-content\/uploads\/2023\/10\/Realizan-en-ciudad-de-Hasakeh-un-acto-de-solidaridad-con-los-hermanos-palestinos-2-150x103.jpeg 150w, https:\/\/archive.sana.sy\/es\/wp-content\/uploads\/2023\/10\/Realizan-en-ciudad-de-Hasakeh-un-acto-de-solidaridad-con-los-hermanos-palestinos-2-110x75.jpeg 110w\" sizes=\"(max-width: 660px) 100vw, 660px\" \/><\/a>\n\t\t\t<\/div><\/figure><figure class='gallery-item'>\n\t\t\t<div class='gallery-icon landscape'>\n\t\t\t\t<a href='https:\/\/archive.sana.sy\/es\/wp-content\/uploads\/2023\/10\/Realizan-en-ciudad-de-Hasakeh-un-acto-de-solidaridad-con-los-hermanos-palestinos-3.jpeg'><img loading=\"lazy\" decoding=\"async\" width=\"660\" height=\"398\" src=\"https:\/\/archive.sana.sy\/es\/wp-content\/uploads\/2023\/10\/Realizan-en-ciudad-de-Hasakeh-un-acto-de-solidaridad-con-los-hermanos-palestinos-3.jpeg\" class=\"attachment-full size-full\" alt=\"\" srcset=\"https:\/\/archive.sana.sy\/es\/wp-content\/uploads\/2023\/10\/Realizan-en-ciudad-de-Hasakeh-un-acto-de-solidaridad-con-los-hermanos-palestinos-3.jpeg 660w, https:\/\/archive.sana.sy\/es\/wp-content\/uploads\/2023\/10\/Realizan-en-ciudad-de-Hasakeh-un-acto-de-solidaridad-con-los-hermanos-palestinos-3-300x181.jpeg 300w, https:\/\/archive.sana.sy\/es\/wp-content\/uploads\/2023\/10\/Realizan-en-ciudad-de-Hasakeh-un-acto-de-solidaridad-con-los-hermanos-palestinos-3-150x90.jpeg 150w\" sizes=\"(max-width: 660px) 100vw, 660px\" \/><\/a>\n\t\t\t<\/div><\/figure>\n\t\t<\/div>\n\n<p style=\"text-align: justify\">\nla<\/p>\n","protected":false},"excerpt":{"rendered":"<p>Hasakeh, 18 oct (SANA) Miembros del Partido Baath junto con numerosos activistas organizaron este mi\u00e9rcoles un acto de solidaridad con los hermanos palestinos en la sitiada Franja de Gaza en el centro de la ciudad de Hasakeh en el noreste sirio. Los congregados encendieron velas y rezaron por el descanso de las almas de los &hellip;<\/p>\n","protected":false},"author":24,"featured_media":311901,"comment_status":"closed","ping_status":"closed","sticky":false,"template":"","format":"standard","meta":{"footnotes":""},"categories":[447,597,20724,476,448,7541],"tags":[12002,16841,1494],"class_list":["post-311900","post","type-post","status-publish","format-standard","has-post-thumbnail","","category-local-politica","category-cinta-de-noticias","category-minuto-a-minuto","category-locales","category-noticias","category-ultimas-noticias","tag-gaza","tag-hasakeh","tag-palestina"],"_links":{"self":[{"href":"https:\/\/archive.sana.sy\/es\/index.php?rest_route=\/wp\/v2\/posts\/311900"}],"collection":[{"href":"https:\/\/archive.sana.sy\/es\/index.php?rest_route=\/wp\/v2\/posts"}],"about":[{"href":"https:\/\/archive.sana.sy\/es\/index.php?rest_route=\/wp\/v2\/types\/post"}],"author":[{"embeddable":true,"href":"https:\/\/archive.sana.sy\/es\/index.php?rest_route=\/wp\/v2\/users\/24"}],"replies":[{"embeddable":true,"href":"https:\/\/archive.sana.sy\/es\/index.php?rest_route=%2Fwp%2Fv2%2Fcomments&post=311900"}],"version-history":[{"count":1,"href":"https:\/\/archive.sana.sy\/es\/index.php?rest_route=\/wp\/v2\/posts\/311900\/revisions"}],"predecessor-version":[{"id":311905,"href":"https:\/\/archive.sana.sy\/es\/index.php?rest_route=\/wp\/v2\/posts\/311900\/revisions\/311905"}],"wp:featuredmedia":[{"embeddable":true,"href":"https:\/\/archive.sana.sy\/es\/index.php?rest_route=\/wp\/v2\/media\/311901"}],"wp:attachment":[{"href":"https:\/\/archive.sana.sy\/es\/index.php?rest_route=%2Fwp%2Fv2%2Fmedia&parent=311900"}],"wp:term":[{"taxonomy":"category","embeddable":true,"href":"https:\/\/archive.sana.sy\/es\/index.php?rest_route=%2Fwp%2Fv2%2Fcategories&post=311900"},{"taxonomy":"post_tag","embeddable":true,"href":"https:\/\/archive.sana.sy\/es\/index.php?rest_route=%2Fwp%2Fv2%2Ftags&post=311900"}],"curies":[{"name":"wp","href":"https:\/\/api.w.org\/{rel}","templated":true}]}}