{"id":312117,"date":"2023-10-21T09:20:56","date_gmt":"2023-10-21T06:20:56","guid":{"rendered":"https:\/\/sana.sy\/es\/?p=312117"},"modified":"2023-10-21T18:03:45","modified_gmt":"2023-10-21T15:03:45","slug":"siria-opaq-perdio-su-profesionalidad-y-se-convirtio-en-herramienta-al-servicio-de-occidente","status":"publish","type":"post","link":"https:\/\/archive.sana.sy\/es\/?p=312117","title":{"rendered":"Siria: OPAQ perdi\u00f3 su profesionalidad y se convirti\u00f3 en herramienta al servicio de Occidente"},"content":{"rendered":"<p style=\"text-align: justify;\"><span style=\"color: #800000;\"><strong>Damasco, 21 oct (SANA)<\/strong> <\/span>El Ministerio de Relaciones Exteriores y Expatriados expres\u00f3 la rotunda denuncia de Siria a las \u00faltimas declaraciones de la Uni\u00f3n Europea, Francia y Gran Breta\u00f1a sobre lo que llamaron \u201cel d\u00e9cimo aniversario de la adhesi\u00f3n [de Siria] a la Convenci\u00f3n sobre Armas Qu\u00edmicas\u201d.<\/p>\n<p style=\"text-align: justify;\">En un comunicado emitido esta tarde, la Canciller\u00eda siria asever\u00f3 que todas estas falacias y distorsiones de los hechos van en el marco de las posiciones hostiles y campa\u00f1as de desinformaci\u00f3n desatadas contra Siria en los \u00faltimos a\u00f1os por la Uni\u00f3n Europea, Francia y Gran Breta\u00f1a.<\/p>\n<p style=\"text-align: justify;\">\u201cSiria confirma haber cumplido, tras su adhesi\u00f3n a la Convenci\u00f3n sobre Armas Qu\u00edmicas, con todas sus obligaciones pertinentes, y cooperado plenamente con la Organizaci\u00f3n para la Prohibici\u00f3n de las Armas Qu\u00edmicas, lo que result\u00f3 en la eliminaci\u00f3n de todos los componentes de su programa qu\u00edmico, hecho que reconoci\u00f3 la Secretar\u00eda T\u00e9cnica de la Organizaci\u00f3n y de las Naciones Unida\u201d, enfatiz\u00f3 el comunicado.<\/p>\n<p style=\"text-align: justify;\">Canciller\u00eda fustig\u00f3 que la presi\u00f3n practicada por Occidente sobre la OPAQ y su secretar\u00eda t\u00e9cnica, provoc\u00f3 que esta \u00faltima perdiera su profesionalidad e emitiera informes politizados, convirti\u00e9ndose en una herramienta al servicio de las agendas de los pa\u00edses occidentales.<\/p>\n<p style=\"text-align: justify;\">Aludi\u00f3 al doble moral practicado por Estados Unidos, Francia y Gran Breta\u00f1a a la hora de su tratar el asunto sirio a trav\u00e9s de su imposici\u00f3n de medidas coercitivas inhumanas e ileg\u00edtimas al pueblo sirio y su intento de chantajear al Estado sirio a trav\u00e9s de obstaculizar la asistencia humanitaria y los proyectos de desarrollo, as\u00ed como vincular cualquier programa de ayuda o recuperaci\u00f3n temprana a condiciones que violan las normas y la \u00e9tica del trabajo humanitario.<\/p>\n<p style=\"text-align: justify;\">Concluy\u00f3 que la postura un\u00e1nime de la Uni\u00f3n Europea y Occidente sobre la agresi\u00f3n israel\u00ed contra los territorios palestinos ocupados, especialmente la Franja de Gaza, refleja una vez m\u00e1s las pol\u00edticas hegem\u00f3nicas y de colonialismo occidentales, que deben ser frenadas.<\/p>\n<p style=\"text-align: justify;\">la<\/p>\n","protected":false},"excerpt":{"rendered":"<p>Damasco, 21 oct (SANA) El Ministerio de Relaciones Exteriores y Expatriados expres\u00f3 la rotunda denuncia de Siria a las \u00faltimas declaraciones de la Uni\u00f3n Europea, Francia y Gran Breta\u00f1a sobre lo que llamaron \u201cel d\u00e9cimo aniversario de la adhesi\u00f3n [de Siria] a la Convenci\u00f3n sobre Armas Qu\u00edmicas\u201d. En un comunicado emitido esta tarde, la Canciller\u00eda &hellip;<\/p>\n","protected":false},"author":24,"featured_media":312118,"comment_status":"closed","ping_status":"closed","sticky":false,"template":"","format":"standard","meta":{"footnotes":""},"categories":[447,597,20724,476,583],"tags":[10238,6553],"class_list":["post-312117","post","type-post","status-publish","format-standard","has-post-thumbnail","","category-local-politica","category-cinta-de-noticias","category-minuto-a-minuto","category-locales","category-slide","tag-opaq","tag-siria"],"_links":{"self":[{"href":"https:\/\/archive.sana.sy\/es\/index.php?rest_route=\/wp\/v2\/posts\/312117"}],"collection":[{"href":"https:\/\/archive.sana.sy\/es\/index.php?rest_route=\/wp\/v2\/posts"}],"about":[{"href":"https:\/\/archive.sana.sy\/es\/index.php?rest_route=\/wp\/v2\/types\/post"}],"author":[{"embeddable":true,"href":"https:\/\/archive.sana.sy\/es\/index.php?rest_route=\/wp\/v2\/users\/24"}],"replies":[{"embeddable":true,"href":"https:\/\/archive.sana.sy\/es\/index.php?rest_route=%2Fwp%2Fv2%2Fcomments&post=312117"}],"version-history":[{"count":3,"href":"https:\/\/archive.sana.sy\/es\/index.php?rest_route=\/wp\/v2\/posts\/312117\/revisions"}],"predecessor-version":[{"id":312126,"href":"https:\/\/archive.sana.sy\/es\/index.php?rest_route=\/wp\/v2\/posts\/312117\/revisions\/312126"}],"wp:featuredmedia":[{"embeddable":true,"href":"https:\/\/archive.sana.sy\/es\/index.php?rest_route=\/wp\/v2\/media\/312118"}],"wp:attachment":[{"href":"https:\/\/archive.sana.sy\/es\/index.php?rest_route=%2Fwp%2Fv2%2Fmedia&parent=312117"}],"wp:term":[{"taxonomy":"category","embeddable":true,"href":"https:\/\/archive.sana.sy\/es\/index.php?rest_route=%2Fwp%2Fv2%2Fcategories&post=312117"},{"taxonomy":"post_tag","embeddable":true,"href":"https:\/\/archive.sana.sy\/es\/index.php?rest_route=%2Fwp%2Fv2%2Ftags&post=312117"}],"curies":[{"name":"wp","href":"https:\/\/api.w.org\/{rel}","templated":true}]}}