{"id":312199,"date":"2023-10-21T21:24:37","date_gmt":"2023-10-21T18:24:37","guid":{"rendered":"https:\/\/sana.sy\/es\/?p=312199"},"modified":"2023-10-21T21:25:44","modified_gmt":"2023-10-21T18:25:44","slug":"agresion-israeli-mata-un-promedio-de-120-ninos-palestinos-por-dia","status":"publish","type":"post","link":"https:\/\/archive.sana.sy\/es\/?p=312199","title":{"rendered":"Agresi\u00f3n israel\u00ed mata un promedio de 120 ni\u00f1os palestinos por d\u00eda\u00a0"},"content":{"rendered":"<p style=\"text-align: justify\"><span style=\"color: #800000\"><strong>Jerusal\u00e9n ocupada, 21 oct (SANA)<\/strong> <\/span>El Movimiento Internacional para la Defensa de los Ni\u00f1os de Palestina anunci\u00f3 que las fuerzas ocupantes de \u201cIsrael\u201d mataron a m\u00e1s de 1.700 ni\u00f1os durante su agresi\u00f3n en curso contra la Franja de Gaza que comenz\u00f3 el siete de este mes.<\/p>\n<p style=\"text-align: justify\">Agreg\u00f3 que otros 27 ni\u00f1os en Cisjordania han sido asesinados durante el mismo per\u00edodo, lo que significa un promedio de 120 ni\u00f1os se matan por d\u00eda.<\/p>\n<p style=\"text-align: justify\">En un comunicado emitido este s\u00e1bado, el Movimiento destac\u00f3 que la cifra de m\u00e1rtires, incluidos ni\u00f1os, en Gaza es probable que aumente, debido a que alrededor de 1.400 personas, entre ellos 700 ni\u00f1os, se encuentran por debajo de los escombros.<\/p>\n<p>la<\/p>\n","protected":false},"excerpt":{"rendered":"<p>Jerusal\u00e9n ocupada, 21 oct (SANA) El Movimiento Internacional para la Defensa de los Ni\u00f1os de Palestina anunci\u00f3 que las fuerzas ocupantes de \u201cIsrael\u201d mataron a m\u00e1s de 1.700 ni\u00f1os durante su agresi\u00f3n en curso contra la Franja de Gaza que comenz\u00f3 el siete de este mes. Agreg\u00f3 que otros 27 ni\u00f1os en Cisjordania han sido &hellip;<\/p>\n","protected":false},"author":24,"featured_media":312200,"comment_status":"closed","ping_status":"closed","sticky":false,"template":"","format":"standard","meta":{"footnotes":""},"categories":[447,597,456,16687,20724,7541],"tags":[12002,1494],"class_list":["post-312199","post","type-post","status-publish","format-standard","has-post-thumbnail","","category-local-politica","category-cinta-de-noticias","category-arabe-internacional-politica","category-internacionales","category-minuto-a-minuto","category-ultimas-noticias","tag-gaza","tag-palestina"],"_links":{"self":[{"href":"https:\/\/archive.sana.sy\/es\/index.php?rest_route=\/wp\/v2\/posts\/312199"}],"collection":[{"href":"https:\/\/archive.sana.sy\/es\/index.php?rest_route=\/wp\/v2\/posts"}],"about":[{"href":"https:\/\/archive.sana.sy\/es\/index.php?rest_route=\/wp\/v2\/types\/post"}],"author":[{"embeddable":true,"href":"https:\/\/archive.sana.sy\/es\/index.php?rest_route=\/wp\/v2\/users\/24"}],"replies":[{"embeddable":true,"href":"https:\/\/archive.sana.sy\/es\/index.php?rest_route=%2Fwp%2Fv2%2Fcomments&post=312199"}],"version-history":[{"count":2,"href":"https:\/\/archive.sana.sy\/es\/index.php?rest_route=\/wp\/v2\/posts\/312199\/revisions"}],"predecessor-version":[{"id":312202,"href":"https:\/\/archive.sana.sy\/es\/index.php?rest_route=\/wp\/v2\/posts\/312199\/revisions\/312202"}],"wp:featuredmedia":[{"embeddable":true,"href":"https:\/\/archive.sana.sy\/es\/index.php?rest_route=\/wp\/v2\/media\/312200"}],"wp:attachment":[{"href":"https:\/\/archive.sana.sy\/es\/index.php?rest_route=%2Fwp%2Fv2%2Fmedia&parent=312199"}],"wp:term":[{"taxonomy":"category","embeddable":true,"href":"https:\/\/archive.sana.sy\/es\/index.php?rest_route=%2Fwp%2Fv2%2Fcategories&post=312199"},{"taxonomy":"post_tag","embeddable":true,"href":"https:\/\/archive.sana.sy\/es\/index.php?rest_route=%2Fwp%2Fv2%2Ftags&post=312199"}],"curies":[{"name":"wp","href":"https:\/\/api.w.org\/{rel}","templated":true}]}}