{"id":312203,"date":"2023-10-22T08:53:25","date_gmt":"2023-10-22T05:53:25","guid":{"rendered":"https:\/\/sana.sy\/es\/?p=312203"},"modified":"2023-10-22T08:53:55","modified_gmt":"2023-10-22T05:53:55","slug":"agresion-israeli-deja-inoperativos-los-aeropuertos-internacionales-de-damasco-y-alepo","status":"publish","type":"post","link":"https:\/\/archive.sana.sy\/es\/?p=312203","title":{"rendered":"Agresi\u00f3n israel\u00ed deja inoperativos los aeropuertos internacionales de Damasco y Alepo"},"content":{"rendered":"<p style=\"text-align: justify;\"><span style=\"color: #800000;\"><strong>Damasco, 22 oct (SANA)\u00a0<\/strong><\/span> \u00a0Una fuente militar siria inform\u00f3 hoy que alrededor de las 5:25 am hora local de Siria, el enemigo israel\u00ed llev\u00f3 a cabo simult\u00e1neamente dos ataques a\u00e9reos contra los aeropuertos internacionales de Damasco y Alepo.<\/p>\n<p style=\"text-align: justify;\">Los misiles fueron disparados desde el mar Mediterr\u00e1neo, al oeste de Latakia, y desde el Gol\u00e1n sirio ocupado.<\/p>\n<p style=\"text-align: justify;\">La agresi\u00f3n provoc\u00f3 la muerte de un trabajador civil en el aeropuerto de Damasco y lesiones a otro trabajador.<\/p>\n<p style=\"text-align: justify;\">Asimismo, se produjeron da\u00f1os materiales en las pistas de los dos aeropuertos, qued\u00e1ndose fuera de servicio.<\/p>\n<p style=\"text-align: justify;\">fm\/ws<\/p>\n","protected":false},"excerpt":{"rendered":"<p>Damasco, 22 oct (SANA)\u00a0 \u00a0Una fuente militar siria inform\u00f3 hoy que alrededor de las 5:25 am hora local de Siria, el enemigo israel\u00ed llev\u00f3 a cabo simult\u00e1neamente dos ataques a\u00e9reos contra los aeropuertos internacionales de Damasco y Alepo. Los misiles fueron disparados desde el mar Mediterr\u00e1neo, al oeste de Latakia, y desde el Gol\u00e1n sirio &hellip;<\/p>\n","protected":false},"author":35,"featured_media":312204,"comment_status":"closed","ping_status":"closed","sticky":false,"template":"","format":"standard","meta":{"footnotes":""},"categories":[447,477,597,573,20724,583],"tags":[],"class_list":["post-312203","post","type-post","status-publish","format-standard","has-post-thumbnail","","category-local-politica","category-noticias-edulcorantes","category-cinta-de-noticias","category-la-realidad-de-los-acontecimientos-en-siria","category-minuto-a-minuto","category-slide"],"_links":{"self":[{"href":"https:\/\/archive.sana.sy\/es\/index.php?rest_route=\/wp\/v2\/posts\/312203"}],"collection":[{"href":"https:\/\/archive.sana.sy\/es\/index.php?rest_route=\/wp\/v2\/posts"}],"about":[{"href":"https:\/\/archive.sana.sy\/es\/index.php?rest_route=\/wp\/v2\/types\/post"}],"author":[{"embeddable":true,"href":"https:\/\/archive.sana.sy\/es\/index.php?rest_route=\/wp\/v2\/users\/35"}],"replies":[{"embeddable":true,"href":"https:\/\/archive.sana.sy\/es\/index.php?rest_route=%2Fwp%2Fv2%2Fcomments&post=312203"}],"version-history":[{"count":2,"href":"https:\/\/archive.sana.sy\/es\/index.php?rest_route=\/wp\/v2\/posts\/312203\/revisions"}],"predecessor-version":[{"id":312206,"href":"https:\/\/archive.sana.sy\/es\/index.php?rest_route=\/wp\/v2\/posts\/312203\/revisions\/312206"}],"wp:featuredmedia":[{"embeddable":true,"href":"https:\/\/archive.sana.sy\/es\/index.php?rest_route=\/wp\/v2\/media\/312204"}],"wp:attachment":[{"href":"https:\/\/archive.sana.sy\/es\/index.php?rest_route=%2Fwp%2Fv2%2Fmedia&parent=312203"}],"wp:term":[{"taxonomy":"category","embeddable":true,"href":"https:\/\/archive.sana.sy\/es\/index.php?rest_route=%2Fwp%2Fv2%2Fcategories&post=312203"},{"taxonomy":"post_tag","embeddable":true,"href":"https:\/\/archive.sana.sy\/es\/index.php?rest_route=%2Fwp%2Fv2%2Ftags&post=312203"}],"curies":[{"name":"wp","href":"https:\/\/api.w.org\/{rel}","templated":true}]}}