{"id":312219,"date":"2023-10-22T09:23:18","date_gmt":"2023-10-22T06:23:18","guid":{"rendered":"https:\/\/sana.sy\/es\/?p=312219"},"modified":"2023-10-22T09:23:39","modified_gmt":"2023-10-22T06:23:39","slug":"movimiento-internacional-de-defensa-de-ninos-de-palestina-las-fuerzas-de-ocupacion-mataron-a-mas-de-1-700-ninos-en-gaza","status":"publish","type":"post","link":"https:\/\/archive.sana.sy\/es\/?p=312219","title":{"rendered":"Movimiento Internacional de Defensa de Ni\u00f1os de Palestina: Las fuerzas de ocupaci\u00f3n mataron a m\u00e1s de 1.700 ni\u00f1os en Gaza"},"content":{"rendered":"<p style=\"text-align: justify;\"><span style=\"color: #800000;\"><strong>Jerusal\u00e9n ocupada, 22 oct (SANA)<\/strong><\/span>\u00a0 \u00a0El Movimiento Internacional para la Defensa de los Ni\u00f1os de Palestina anunci\u00f3 que las fuerzas de ocupaci\u00f3n israel\u00edes mataron a m\u00e1s de 1.700 ni\u00f1os durante su agresi\u00f3n contra la Franja de Gaza desde el d\u00eda siete de este mes, y 27 ni\u00f1os en Cisjordania durante el mismo per\u00edodo, lo que significa un promedio de 120 ni\u00f1os por d\u00eda.<\/p>\n<p style=\"text-align: justify;\">El Movimiento aclar\u00f3 en un comunicado que el n\u00famero de muertos, incluidos ni\u00f1os, en la Franja de Gaza, no es definitivo y es probable que aumente, porque hay alrededor de 1.400 personas desaparecidas bajo los escombros de los edificios destruidos, lo que indica que el n\u00famero real de el n\u00famero de ni\u00f1os m\u00e1rtires es mucho mayor que eso.<\/p>\n<p style=\"text-align: justify;\">Los ni\u00f1os palestinos que hasta ahora han sobrevivido a los intensos bombardeos israel\u00edes en toda la Franja de Gaza est\u00e1n sufriendo traumas nerviosos y psicol\u00f3gicos desde hace 17 a\u00f1os como consecuencia del asedio israel\u00ed y sus continuas violaciones, indic\u00f3 la entidad.<\/p>\n<p style=\"text-align: justify;\">El movimiento confirm\u00f3 que sus empleados en la Franja de Gaza y Cisjordania est\u00e1n trabajando para documentar las violaciones contra los ni\u00f1os palestinos por parte de las fuerzas de ocupaci\u00f3n y los colonos mientras la agresi\u00f3n israel\u00ed contra el pueblo palestino contin\u00faa por decimoquinto d\u00eda.<\/p>\n<p style=\"text-align: justify;\"><strong>fm\/ws<\/strong><\/p>\n","protected":false},"excerpt":{"rendered":"<p>Jerusal\u00e9n ocupada, 22 oct (SANA)\u00a0 \u00a0El Movimiento Internacional para la Defensa de los Ni\u00f1os de Palestina anunci\u00f3 que las fuerzas de ocupaci\u00f3n israel\u00edes mataron a m\u00e1s de 1.700 ni\u00f1os durante su agresi\u00f3n contra la Franja de Gaza desde el d\u00eda siete de este mes, y 27 ni\u00f1os en Cisjordania durante el mismo per\u00edodo, lo que &hellip;<\/p>\n","protected":false},"author":35,"featured_media":312220,"comment_status":"closed","ping_status":"closed","sticky":false,"template":"","format":"standard","meta":{"footnotes":""},"categories":[597,456,16687,20724,7541],"tags":[],"class_list":["post-312219","post","type-post","status-publish","format-standard","has-post-thumbnail","","category-cinta-de-noticias","category-arabe-internacional-politica","category-internacionales","category-minuto-a-minuto","category-ultimas-noticias"],"_links":{"self":[{"href":"https:\/\/archive.sana.sy\/es\/index.php?rest_route=\/wp\/v2\/posts\/312219"}],"collection":[{"href":"https:\/\/archive.sana.sy\/es\/index.php?rest_route=\/wp\/v2\/posts"}],"about":[{"href":"https:\/\/archive.sana.sy\/es\/index.php?rest_route=\/wp\/v2\/types\/post"}],"author":[{"embeddable":true,"href":"https:\/\/archive.sana.sy\/es\/index.php?rest_route=\/wp\/v2\/users\/35"}],"replies":[{"embeddable":true,"href":"https:\/\/archive.sana.sy\/es\/index.php?rest_route=%2Fwp%2Fv2%2Fcomments&post=312219"}],"version-history":[{"count":2,"href":"https:\/\/archive.sana.sy\/es\/index.php?rest_route=\/wp\/v2\/posts\/312219\/revisions"}],"predecessor-version":[{"id":312222,"href":"https:\/\/archive.sana.sy\/es\/index.php?rest_route=\/wp\/v2\/posts\/312219\/revisions\/312222"}],"wp:featuredmedia":[{"embeddable":true,"href":"https:\/\/archive.sana.sy\/es\/index.php?rest_route=\/wp\/v2\/media\/312220"}],"wp:attachment":[{"href":"https:\/\/archive.sana.sy\/es\/index.php?rest_route=%2Fwp%2Fv2%2Fmedia&parent=312219"}],"wp:term":[{"taxonomy":"category","embeddable":true,"href":"https:\/\/archive.sana.sy\/es\/index.php?rest_route=%2Fwp%2Fv2%2Fcategories&post=312219"},{"taxonomy":"post_tag","embeddable":true,"href":"https:\/\/archive.sana.sy\/es\/index.php?rest_route=%2Fwp%2Fv2%2Ftags&post=312219"}],"curies":[{"name":"wp","href":"https:\/\/api.w.org\/{rel}","templated":true}]}}