{"id":312223,"date":"2023-10-22T11:07:42","date_gmt":"2023-10-22T08:07:42","guid":{"rendered":"https:\/\/sana.sy\/es\/?p=312223"},"modified":"2023-10-22T11:07:42","modified_gmt":"2023-10-22T08:07:42","slug":"profesores-y-estudiantes-sirios-se-solidarizan-con-el-pueblo-palestino-y-denuncian-agresiones-israelies-contra-gaza","status":"publish","type":"post","link":"https:\/\/archive.sana.sy\/es\/?p=312223","title":{"rendered":"Profesores y estudiantes sirios se solidarizan con el pueblo palestino y denuncian agresiones\u00a0 israel\u00edes contra\u00a0 Gaza"},"content":{"rendered":"<p style=\"text-align: justify;\"><span style=\"color: #800000;\"><strong>Provincias ,\u00a0 22 oct (SANA)\u00a0<\/strong> <\/span>Miles de profesores, estudiantes y miembros del personal docente en todas las escuelas de Siria organizaron actos de solidaridad\u00a0 para manifestar el apoyo a los palestinos que enfrentan una brutal agresi\u00f3n perpetrada por la ocupaci\u00f3n israel\u00ed.<\/p>\n<p style=\"text-align: justify;\">Los participantes denunciaron las agresiones y cr\u00edmenes sionistas contra los ni\u00f1os de la Franja de Gaza.<\/p>\n<p style=\"text-align: justify;\">Detener los bombardeos israel\u00edes y abrir corredores para la ayuda humanitaria fueron las principales exigencia de los manifestantes quienes levantaron pancartas con frases que rechazan las masacres israel\u00edes.<\/p>\n<div id='gallery-1' class='gallery galleryid-312223 gallery-columns-1 gallery-size-full'><figure class='gallery-item'>\n\t\t\t<div class='gallery-icon landscape'>\n\t\t\t\t<a href='https:\/\/archive.sana.sy\/es\/wp-content\/uploads\/2023\/10\/photo_2023-10-22_10-20-12.jpg'><img loading=\"lazy\" decoding=\"async\" width=\"1280\" height=\"891\" src=\"https:\/\/archive.sana.sy\/es\/wp-content\/uploads\/2023\/10\/photo_2023-10-22_10-20-12.jpg\" class=\"attachment-full size-full\" alt=\"\" srcset=\"https:\/\/archive.sana.sy\/es\/wp-content\/uploads\/2023\/10\/photo_2023-10-22_10-20-12.jpg 1280w, https:\/\/archive.sana.sy\/es\/wp-content\/uploads\/2023\/10\/photo_2023-10-22_10-20-12-300x209.jpg 300w, https:\/\/archive.sana.sy\/es\/wp-content\/uploads\/2023\/10\/photo_2023-10-22_10-20-12-1024x713.jpg 1024w, https:\/\/archive.sana.sy\/es\/wp-content\/uploads\/2023\/10\/photo_2023-10-22_10-20-12-150x104.jpg 150w, https:\/\/archive.sana.sy\/es\/wp-content\/uploads\/2023\/10\/photo_2023-10-22_10-20-12-768x535.jpg 768w\" sizes=\"(max-width: 1280px) 100vw, 1280px\" \/><\/a>\n\t\t\t<\/div><\/figure><figure class='gallery-item'>\n\t\t\t<div class='gallery-icon landscape'>\n\t\t\t\t<a href='https:\/\/archive.sana.sy\/es\/wp-content\/uploads\/2023\/10\/photo_2023-10-22_10-27-01-2.jpg'><img loading=\"lazy\" decoding=\"async\" width=\"1280\" height=\"720\" src=\"https:\/\/archive.sana.sy\/es\/wp-content\/uploads\/2023\/10\/photo_2023-10-22_10-27-01-2.jpg\" class=\"attachment-full size-full\" alt=\"\" srcset=\"https:\/\/archive.sana.sy\/es\/wp-content\/uploads\/2023\/10\/photo_2023-10-22_10-27-01-2.jpg 1280w, https:\/\/archive.sana.sy\/es\/wp-content\/uploads\/2023\/10\/photo_2023-10-22_10-27-01-2-300x169.jpg 300w, https:\/\/archive.sana.sy\/es\/wp-content\/uploads\/2023\/10\/photo_2023-10-22_10-27-01-2-1024x576.jpg 1024w, https:\/\/archive.sana.sy\/es\/wp-content\/uploads\/2023\/10\/photo_2023-10-22_10-27-01-2-150x84.jpg 150w, https:\/\/archive.sana.sy\/es\/wp-content\/uploads\/2023\/10\/photo_2023-10-22_10-27-01-2-768x432.jpg 768w\" sizes=\"(max-width: 1280px) 100vw, 1280px\" \/><\/a>\n\t\t\t<\/div><\/figure><figure class='gallery-item'>\n\t\t\t<div class='gallery-icon landscape'>\n\t\t\t\t<a href='https:\/\/archive.sana.sy\/es\/wp-content\/uploads\/2023\/10\/photo_2023-10-22_10-38-40.jpg'><img loading=\"lazy\" decoding=\"async\" width=\"1280\" height=\"721\" src=\"https:\/\/archive.sana.sy\/es\/wp-content\/uploads\/2023\/10\/photo_2023-10-22_10-38-40.jpg\" class=\"attachment-full size-full\" alt=\"\" srcset=\"https:\/\/archive.sana.sy\/es\/wp-content\/uploads\/2023\/10\/photo_2023-10-22_10-38-40.jpg 1280w, https:\/\/archive.sana.sy\/es\/wp-content\/uploads\/2023\/10\/photo_2023-10-22_10-38-40-300x169.jpg 300w, https:\/\/archive.sana.sy\/es\/wp-content\/uploads\/2023\/10\/photo_2023-10-22_10-38-40-1024x577.jpg 1024w, https:\/\/archive.sana.sy\/es\/wp-content\/uploads\/2023\/10\/photo_2023-10-22_10-38-40-150x84.jpg 150w, https:\/\/archive.sana.sy\/es\/wp-content\/uploads\/2023\/10\/photo_2023-10-22_10-38-40-768x433.jpg 768w\" sizes=\"(max-width: 1280px) 100vw, 1280px\" \/><\/a>\n\t\t\t<\/div><\/figure>\n\t\t<\/div>\n\n<p style=\"text-align: justify;\"><strong>ws\/fm<\/strong><\/p>\n","protected":false},"excerpt":{"rendered":"<p>Provincias ,\u00a0 22 oct (SANA)\u00a0 Miles de profesores, estudiantes y miembros del personal docente en todas las escuelas de Siria organizaron actos de solidaridad\u00a0 para manifestar el apoyo a los palestinos que enfrentan una brutal agresi\u00f3n perpetrada por la ocupaci\u00f3n israel\u00ed. Los participantes denunciaron las agresiones y cr\u00edmenes sionistas contra los ni\u00f1os de la Franja &hellip;<\/p>\n","protected":false},"author":35,"featured_media":312224,"comment_status":"closed","ping_status":"closed","sticky":false,"template":"","format":"standard","meta":{"footnotes":""},"categories":[597,20724,476,16688,7541],"tags":[],"class_list":["post-312223","post","type-post","status-publish","format-standard","has-post-thumbnail","","category-cinta-de-noticias","category-minuto-a-minuto","category-locales","category-nacionales","category-ultimas-noticias"],"_links":{"self":[{"href":"https:\/\/archive.sana.sy\/es\/index.php?rest_route=\/wp\/v2\/posts\/312223"}],"collection":[{"href":"https:\/\/archive.sana.sy\/es\/index.php?rest_route=\/wp\/v2\/posts"}],"about":[{"href":"https:\/\/archive.sana.sy\/es\/index.php?rest_route=\/wp\/v2\/types\/post"}],"author":[{"embeddable":true,"href":"https:\/\/archive.sana.sy\/es\/index.php?rest_route=\/wp\/v2\/users\/35"}],"replies":[{"embeddable":true,"href":"https:\/\/archive.sana.sy\/es\/index.php?rest_route=%2Fwp%2Fv2%2Fcomments&post=312223"}],"version-history":[{"count":1,"href":"https:\/\/archive.sana.sy\/es\/index.php?rest_route=\/wp\/v2\/posts\/312223\/revisions"}],"predecessor-version":[{"id":312228,"href":"https:\/\/archive.sana.sy\/es\/index.php?rest_route=\/wp\/v2\/posts\/312223\/revisions\/312228"}],"wp:featuredmedia":[{"embeddable":true,"href":"https:\/\/archive.sana.sy\/es\/index.php?rest_route=\/wp\/v2\/media\/312224"}],"wp:attachment":[{"href":"https:\/\/archive.sana.sy\/es\/index.php?rest_route=%2Fwp%2Fv2%2Fmedia&parent=312223"}],"wp:term":[{"taxonomy":"category","embeddable":true,"href":"https:\/\/archive.sana.sy\/es\/index.php?rest_route=%2Fwp%2Fv2%2Fcategories&post=312223"},{"taxonomy":"post_tag","embeddable":true,"href":"https:\/\/archive.sana.sy\/es\/index.php?rest_route=%2Fwp%2Fv2%2Ftags&post=312223"}],"curies":[{"name":"wp","href":"https:\/\/api.w.org\/{rel}","templated":true}]}}