{"id":312229,"date":"2023-10-22T12:09:23","date_gmt":"2023-10-22T09:09:23","guid":{"rendered":"https:\/\/sana.sy\/es\/?p=312229"},"modified":"2023-10-22T12:09:23","modified_gmt":"2023-10-22T09:09:23","slug":"miles-se-manifiestan-en-espana-contra-agresiones-isrealies-en-palestina","status":"publish","type":"post","link":"https:\/\/archive.sana.sy\/es\/?p=312229","title":{"rendered":"Miles se manifiestan en Espa\u00f1a contra agresiones isreal\u00edes en Palestina"},"content":{"rendered":"<p style=\"text-align: justify;\"><span style=\"color: #800000;\"><strong>Madrid, 22 oct (SANA)<\/strong><\/span>\u00a0 Cientos de espa\u00f1oles en la mayor\u00eda de las ciudades de este pa\u00eds europeo salieron a las plazas para protestar contra las agresiones israel\u00edes al pueblo palestino.<\/p>\n<p style=\"text-align: justify;\"><img loading=\"lazy\" decoding=\"async\" class=\"size-medium wp-image-312231 alignright\" src=\"http:\/\/sana.sy\/es\/wp-content\/uploads\/2023\/10\/Espana-manifestacion-300x196.jpg\" alt=\"\" width=\"300\" height=\"196\" srcset=\"https:\/\/archive.sana.sy\/es\/wp-content\/uploads\/2023\/10\/Espana-manifestacion-300x196.jpg 300w, https:\/\/archive.sana.sy\/es\/wp-content\/uploads\/2023\/10\/Espana-manifestacion-150x98.jpg 150w, https:\/\/archive.sana.sy\/es\/wp-content\/uploads\/2023\/10\/Espana-manifestacion-768x503.jpg 768w, https:\/\/archive.sana.sy\/es\/wp-content\/uploads\/2023\/10\/Espana-manifestacion.jpg 811w\" sizes=\"(max-width: 300px) 100vw, 300px\" \/><\/p>\n<p style=\"text-align: justify;\">Personas de todas las edades quisieron mostrar su apoyo a los palestinos, llenaron las calles y exigieron al gobierno de su pa\u00eds y a la comunidad internacional que dejen de apoyar al r\u00e9gimen sionista y poner fin\u00a0 a las masacres y violaciones israel\u00edes<\/p>\n<p style=\"text-align: justify;\">M\u00e1s de 2500 personas recorrieron\u00a0 las calles m\u00e1s c\u00e9ntricas de la capital espa\u00f1ola \u201cMadrid\u201d para expresar su rechazo a los bombardeos contra civiles y el bloqueo de suministros b\u00e1sicos por parte de \u201cIsrael\u201d.<\/p>\n<p>Los madridistas izaron banderas palestinas y portaban pancartas core\u00e1ndose lemas de apoyo a los palestinos , a la vez que instaron el fin de los cr\u00edmenes israel\u00edes adem\u00e1s de comparar el sionismo con el fascismo y el nazismo.<\/p>\n<p>Escenas similares se han podido ver en Barcelona, donde unas 70.000 personas se manifestaron bajo el lema (Paremos el genocidio en Palestina), en participaci\u00f3n con m\u00e1s de 200 organizaciones y movimientos sociales de Catalu\u00f1a.<\/p>\n<p>En las ciudades de Zaragoza y San Sebasti\u00e1n, miles de manifestantes salieron a expresar su apoyo al pueblo palestino y exigir una soluci\u00f3n a la cuesti\u00f3n palestina.<\/p>\n<div id='gallery-1' class='gallery galleryid-312229 gallery-columns-1 gallery-size-full'><figure class='gallery-item'>\n\t\t\t<div class='gallery-icon landscape'>\n\t\t\t\t<a href='https:\/\/archive.sana.sy\/es\/wp-content\/uploads\/2023\/10\/\u0625\u0633\u0628\u0627\u0646\u064a\u06271-47.jpg'><img loading=\"lazy\" decoding=\"async\" width=\"660\" height=\"440\" src=\"https:\/\/archive.sana.sy\/es\/wp-content\/uploads\/2023\/10\/\u0625\u0633\u0628\u0627\u0646\u064a\u06271-47.jpg\" class=\"attachment-full size-full\" alt=\"\" srcset=\"https:\/\/archive.sana.sy\/es\/wp-content\/uploads\/2023\/10\/\u0625\u0633\u0628\u0627\u0646\u064a\u06271-47.jpg 660w, https:\/\/archive.sana.sy\/es\/wp-content\/uploads\/2023\/10\/\u0625\u0633\u0628\u0627\u0646\u064a\u06271-47-300x200.jpg 300w, https:\/\/archive.sana.sy\/es\/wp-content\/uploads\/2023\/10\/\u0625\u0633\u0628\u0627\u0646\u064a\u06271-47-150x100.jpg 150w\" sizes=\"(max-width: 660px) 100vw, 660px\" \/><\/a>\n\t\t\t<\/div><\/figure>\n\t\t<\/div>\n\n<p style=\"text-align: justify;\">\n<p>ws\/fm<\/p>\n","protected":false},"excerpt":{"rendered":"<p>Madrid, 22 oct (SANA)\u00a0 Cientos de espa\u00f1oles en la mayor\u00eda de las ciudades de este pa\u00eds europeo salieron a las plazas para protestar contra las agresiones israel\u00edes al pueblo palestino. Personas de todas las edades quisieron mostrar su apoyo a los palestinos, llenaron las calles y exigieron al gobierno de su pa\u00eds y a la &hellip;<\/p>\n","protected":false},"author":35,"featured_media":312230,"comment_status":"closed","ping_status":"closed","sticky":false,"template":"","format":"standard","meta":{"footnotes":""},"categories":[597,456,16687,20724,7541],"tags":[],"class_list":["post-312229","post","type-post","status-publish","format-standard","has-post-thumbnail","","category-cinta-de-noticias","category-arabe-internacional-politica","category-internacionales","category-minuto-a-minuto","category-ultimas-noticias"],"_links":{"self":[{"href":"https:\/\/archive.sana.sy\/es\/index.php?rest_route=\/wp\/v2\/posts\/312229"}],"collection":[{"href":"https:\/\/archive.sana.sy\/es\/index.php?rest_route=\/wp\/v2\/posts"}],"about":[{"href":"https:\/\/archive.sana.sy\/es\/index.php?rest_route=\/wp\/v2\/types\/post"}],"author":[{"embeddable":true,"href":"https:\/\/archive.sana.sy\/es\/index.php?rest_route=\/wp\/v2\/users\/35"}],"replies":[{"embeddable":true,"href":"https:\/\/archive.sana.sy\/es\/index.php?rest_route=%2Fwp%2Fv2%2Fcomments&post=312229"}],"version-history":[{"count":1,"href":"https:\/\/archive.sana.sy\/es\/index.php?rest_route=\/wp\/v2\/posts\/312229\/revisions"}],"predecessor-version":[{"id":312233,"href":"https:\/\/archive.sana.sy\/es\/index.php?rest_route=\/wp\/v2\/posts\/312229\/revisions\/312233"}],"wp:featuredmedia":[{"embeddable":true,"href":"https:\/\/archive.sana.sy\/es\/index.php?rest_route=\/wp\/v2\/media\/312230"}],"wp:attachment":[{"href":"https:\/\/archive.sana.sy\/es\/index.php?rest_route=%2Fwp%2Fv2%2Fmedia&parent=312229"}],"wp:term":[{"taxonomy":"category","embeddable":true,"href":"https:\/\/archive.sana.sy\/es\/index.php?rest_route=%2Fwp%2Fv2%2Fcategories&post=312229"},{"taxonomy":"post_tag","embeddable":true,"href":"https:\/\/archive.sana.sy\/es\/index.php?rest_route=%2Fwp%2Fv2%2Ftags&post=312229"}],"curies":[{"name":"wp","href":"https:\/\/api.w.org\/{rel}","templated":true}]}}