{"id":312327,"date":"2023-10-22T21:29:19","date_gmt":"2023-10-22T18:29:19","guid":{"rendered":"https:\/\/sana.sy\/es\/?p=312327"},"modified":"2023-10-22T21:37:37","modified_gmt":"2023-10-22T18:37:37","slug":"la-persistencia-de-israel-en-sus-agresiones-criminales-es-una-prueba-mas-de-su-derrota-y-de-su-creciente-histeria-subraya-damasco","status":"publish","type":"post","link":"https:\/\/archive.sana.sy\/es\/?p=312327","title":{"rendered":"La persistencia de \u201cIsrael\u201d en sus agresiones criminales es una prueba m\u00e1s de su derrota, asevera Damasco"},"content":{"rendered":"<p style=\"text-align: justify\"><span style=\"color: #800000\"><strong>Damasco, 22 oct (SANA)<\/strong> <\/span>El Ministerio de Asuntos Exteriores y Expatriados denunci\u00f3 la doble agresi\u00f3n cometida por el ente israel\u00ed contra los aeropuertos de Damasco y Alepo, y alert\u00f3 sobre las consecuencias de estas acciones que violan el derecho internacional.<\/p>\n<p style=\"text-align: justify\">En un comunicado emitido esta tarde, la Canciller\u00eda siria denunci\u00f3 que por tercera vez consecutiva y en aproximadamente una semana, el ente sionista usurpador lanz\u00f3 un ataque a\u00e9reo desde el mar Mediterr\u00e1neo y el Gol\u00e1n ocupado sirio, contra los aeropuertos de Damasco y Alepo, dej\u00e1ndolos fuera del servicio.<\/p>\n<p style=\"text-align: justify\">Confirm\u00f3 que la persistencia de la entidad del ocupante israel\u00ed en sus agresiones criminales es una prueba m\u00e1s de su derrota y de la creciente histeria que vive este \u00faltimo como resultado de la firmeza de Siria ante todos los intentos de debilitarla y desviarla de su enfoque de apoyar los derechos leg\u00edtimos del pueblo palestino para liberar su tierra.<\/p>\n<p style=\"text-align: justify\">Subray\u00f3 que los patrocinadores de \u201cIsrael\u201d han demostrado una vez m\u00e1s en los \u00faltimos d\u00edas que el derecho internacional y sus convenios no son m\u00e1s que una herramienta que utilizan para lograr sus esquemas coloniales, y para encubrir los cr\u00edmenes de guerra y de lesa humanidad que cometi\u00f3 \u201cIsrael\u201d y que sigue cometiendo desde hace d\u00e9cadas.<\/p>\n<p style=\"text-align: justify\">\u201cLa Rep\u00fablica \u00c1rabe Siria advierte sobre las consecuencias de continuar con estas agresiones y pr\u00e1cticas violadoras del derecho internacional y el derecho internacional humanitario, las cuales no har\u00e1n nada m\u00e1s que hundir la regi\u00f3n en un ciclo vicioso de violencia dif\u00edcil de contener\u201d, concluy\u00f3.<\/p>\n<p style=\"text-align: justify\">Es de se\u00f1alar que una fuente militar inform\u00f3 hoy que alrededor de las 5:25 am hora local de Siria, el enemigo israel\u00ed llev\u00f3 a cabo simult\u00e1neamente dos ataques a\u00e9reos contra los aeropuertos internacionales de Damasco y Alepo desde el mar Mediterr\u00e1neo, al oeste de Latakia, y desde el Gol\u00e1n sirio ocupado.<\/p>\n<p style=\"text-align: justify\">Agreg\u00f3 que esta agresi\u00f3n provoc\u00f3 la muerte de un trabajador civil en el aeropuerto de Damasco dej\u00f3 inoperativos a ambos aeropuertos.<\/p>\n<p style=\"text-align: justify\">la<\/p>\n<p style=\"text-align: justify\">\n","protected":false},"excerpt":{"rendered":"<p>Damasco, 22 oct (SANA) El Ministerio de Asuntos Exteriores y Expatriados denunci\u00f3 la doble agresi\u00f3n cometida por el ente israel\u00ed contra los aeropuertos de Damasco y Alepo, y alert\u00f3 sobre las consecuencias de estas acciones que violan el derecho internacional. En un comunicado emitido esta tarde, la Canciller\u00eda siria denunci\u00f3 que por tercera vez consecutiva &hellip;<\/p>\n","protected":false},"author":24,"featured_media":312328,"comment_status":"closed","ping_status":"closed","sticky":false,"template":"","format":"standard","meta":{"footnotes":""},"categories":[447,597,20724,476,448,583],"tags":[22425,20697,10603],"class_list":["post-312327","post","type-post","status-publish","format-standard","has-post-thumbnail","","category-local-politica","category-cinta-de-noticias","category-minuto-a-minuto","category-locales","category-noticias","category-slide","tag-aeropuerto-de-damasco","tag-agresion-israeli","tag-cancilleria-siria"],"_links":{"self":[{"href":"https:\/\/archive.sana.sy\/es\/index.php?rest_route=\/wp\/v2\/posts\/312327"}],"collection":[{"href":"https:\/\/archive.sana.sy\/es\/index.php?rest_route=\/wp\/v2\/posts"}],"about":[{"href":"https:\/\/archive.sana.sy\/es\/index.php?rest_route=\/wp\/v2\/types\/post"}],"author":[{"embeddable":true,"href":"https:\/\/archive.sana.sy\/es\/index.php?rest_route=\/wp\/v2\/users\/24"}],"replies":[{"embeddable":true,"href":"https:\/\/archive.sana.sy\/es\/index.php?rest_route=%2Fwp%2Fv2%2Fcomments&post=312327"}],"version-history":[{"count":6,"href":"https:\/\/archive.sana.sy\/es\/index.php?rest_route=\/wp\/v2\/posts\/312327\/revisions"}],"predecessor-version":[{"id":312334,"href":"https:\/\/archive.sana.sy\/es\/index.php?rest_route=\/wp\/v2\/posts\/312327\/revisions\/312334"}],"wp:featuredmedia":[{"embeddable":true,"href":"https:\/\/archive.sana.sy\/es\/index.php?rest_route=\/wp\/v2\/media\/312328"}],"wp:attachment":[{"href":"https:\/\/archive.sana.sy\/es\/index.php?rest_route=%2Fwp%2Fv2%2Fmedia&parent=312327"}],"wp:term":[{"taxonomy":"category","embeddable":true,"href":"https:\/\/archive.sana.sy\/es\/index.php?rest_route=%2Fwp%2Fv2%2Fcategories&post=312327"},{"taxonomy":"post_tag","embeddable":true,"href":"https:\/\/archive.sana.sy\/es\/index.php?rest_route=%2Fwp%2Fv2%2Ftags&post=312327"}],"curies":[{"name":"wp","href":"https:\/\/api.w.org\/{rel}","templated":true}]}}