{"id":312440,"date":"2023-10-24T17:07:40","date_gmt":"2023-10-24T14:07:40","guid":{"rendered":"https:\/\/sana.sy\/es\/?p=312440"},"modified":"2023-10-24T19:13:34","modified_gmt":"2023-10-24T16:13:34","slug":"gaza-un-genocidio-televisado","status":"publish","type":"post","link":"https:\/\/archive.sana.sy\/es\/?p=312440","title":{"rendered":"Gaza, un genocidio televisado"},"content":{"rendered":"<blockquote>\n<p style=\"text-align: justify;\"><span style=\"color: #993300;\">Ni\u00f1os temblando de miedo por las bombas israel\u00edes, cuerpos envueltos en s\u00e1banas blancas, destrucci\u00f3n, los ciudadanos de Estados Unidos observan hoy por la TV, como la noticia del d\u00eda, el genocidio de Israel en Gaza.<\/span><\/p>\n<\/blockquote>\n<p style=\"text-align: justify;\"><span style=\"color: #800000;\"><strong>Damasco, 24 oct (SANA)<\/strong>\u00a0 \u00a0<\/span>Ni\u00f1os temblando de miedo por las bombas israel\u00edes, cuerpos envueltos en s\u00e1banas blancas, destrucci\u00f3n, los ciudadanos de Estados Unidos observan hoy por la TV, como la noticia del d\u00eda, el genocidio de Israel en Gaza.<\/p>\n<p style=\"text-align: justify;\">El presidente Joe Biden hizo de su mensaje a la naci\u00f3n la semana pasada, un d\u00eda despu\u00e9s del abrazo y apret\u00f3n de manos al primer ministro israel\u00ed, Benjam\u00edn Netanyahu, en Tel Aviv, una tribuna para hacer entender a los estadounidenses la necesidad de continuar el apoyo a Israel.<\/p>\n<p style=\"text-align: justify;\">Pero muchos no quieren que contin\u00fae esa narrativa. Una reciente encuesta revel\u00f3 que el 66 por ciento de los estadounidenses est\u00e1n pidiendo un cese al fuego en la asediada Franja de Gaza.<\/p>\n<p style=\"text-align: justify;\"><img loading=\"lazy\" decoding=\"async\" class=\"size-medium wp-image-312442 alignleft\" src=\"http:\/\/sana.sy\/es\/wp-content\/uploads\/2023\/10\/Palestina1-300x193.jpg\" alt=\"\" width=\"300\" height=\"193\" srcset=\"https:\/\/archive.sana.sy\/es\/wp-content\/uploads\/2023\/10\/Palestina1-300x193.jpg 300w, https:\/\/archive.sana.sy\/es\/wp-content\/uploads\/2023\/10\/Palestina1-150x97.jpg 150w, https:\/\/archive.sana.sy\/es\/wp-content\/uploads\/2023\/10\/Palestina1-768x494.jpg 768w, https:\/\/archive.sana.sy\/es\/wp-content\/uploads\/2023\/10\/Palestina1.jpg 909w\" sizes=\"(max-width: 300px) 100vw, 300px\" \/>A veces las matrices en los medios hasta confunden. Entre las im\u00e1genes del terror emergen las historias de la poblaci\u00f3n civil israel\u00ed, de las dos cautivas liberadas por el Movimiento de Resistencia Isl\u00e1mica (Hamas). Nadie pregunta qui\u00e9n rescata a los palestinos.<\/p>\n<p style=\"text-align: justify;\">La representante Ilhan Omar (dem\u00f3crata de Minnesota) y su colega Rashida Tlaib (de Michigan), las dos \u00fanicas mujeres musulmanas en el Congreso, han criticado abiertamente el trato que Israel da a los palestinos.<\/p>\n<p style=\"text-align: justify;\">Ambas estaban entre un pu\u00f1ado de dem\u00f3cratas progresistas que instaron a la administraci\u00f3n Biden a impulsar un alto el fuego en medio de la guerra de Israel contra Hamas, que estall\u00f3 el pasado 7 de octubre.<\/p>\n<p style=\"text-align: justify;\">Seg\u00fan un asistente dem\u00f3crata, Omar, Tlaib y otros progresistas que han criticado a Israel fueron informados por la Polic\u00eda del Capitolio federal y el Sargento de Armas de la C\u00e1mara de Representantes sobre posibles amenazas.<\/p>\n<p style=\"text-align: justify;\">\u201cNo puedo creer que tenga que rogar a mi pa\u00eds y a mis colegas que valoren cada vida humana, sin importar su fe o etnia\u201d, escribi\u00f3 Tlaib en una publicaci\u00f3n en X.<\/p>\n<p style=\"text-align: justify;\">La semana pasada un funcionario del Departamento de Estado anunci\u00f3 su renuncia porque afirm\u00f3 no poder trabajar \u201cen apoyo de un conjunto de decisiones pol\u00edticas importantes, incluido enviar m\u00e1s armas a un lado del conflicto\u201d.<\/p>\n<p style=\"text-align: justify;\">Para Josh Paul esas disposiciones son \u201cmiopes, destructivas, injustas y contradictorias con los mismos valores que defendemos p\u00fablicamente\u201d.<\/p>\n<p style=\"text-align: justify;\">El funcionario, quien pas\u00f3 11 a\u00f1os como director de asuntos p\u00fablicos y del Congreso de la Oficina de Asuntos Pol\u00edticos-Militares del Departamento de Estado, escribi\u00f3 en su carta de dimisi\u00f3n que la postura actual de Washington contradice lo que le ense\u00f1aron a respaldar incondicionalmente.<\/p>\n<p style=\"text-align: justify;\"><img loading=\"lazy\" decoding=\"async\" class=\"size-medium wp-image-312443 alignleft\" src=\"http:\/\/sana.sy\/es\/wp-content\/uploads\/2023\/10\/Gaza-genocidio-300x168.jpg\" alt=\"\" width=\"300\" height=\"168\" srcset=\"https:\/\/archive.sana.sy\/es\/wp-content\/uploads\/2023\/10\/Gaza-genocidio-300x168.jpg 300w, https:\/\/archive.sana.sy\/es\/wp-content\/uploads\/2023\/10\/Gaza-genocidio-150x84.jpg 150w, https:\/\/archive.sana.sy\/es\/wp-content\/uploads\/2023\/10\/Gaza-genocidio-768x429.jpg 768w, https:\/\/archive.sana.sy\/es\/wp-content\/uploads\/2023\/10\/Gaza-genocidio.jpg 1000w\" sizes=\"(max-width: 300px) 100vw, 300px\" \/>Estados Unidos proclama su defensa de \u201cun mundo construido alrededor de un orden basado en reglas, un mundo que promueva tanto la igualdad como la equidad, y un mundo cuyo arco de la historia se incline hacia la promesa de libertad y justicia para todos\u00bb, se\u00f1al\u00f3 Paul al expresar su frustraci\u00f3n.<\/p>\n<p style=\"text-align: justify;\">\u00abD\u00e9cadas de este mismo enfoque han demostrado que la seguridad para la paz no conduce ni a la seguridad ni a la paz\u00bb, escribi\u00f3 al advertir su temor de \u201cque estamos repitiendo los mismos errores que hemos cometido en las \u00faltimas d\u00e9cadas, y me niego a ser parte por m\u00e1s tiempo\u00bb.<\/p>\n<p style=\"text-align: justify;\">Expertos de las Naciones Unidas, organizaciones de derechos humanos y acad\u00e9micos del derecho internacional acusan a Israel de cometer atroces cr\u00edmenes de guerra, incluido el genocidio, record\u00f3 un art\u00edculo del sitio digital Common Dreams.<\/p>\n<p style=\"text-align: justify;\">La Comisi\u00f3n Internacional Independiente de Investigaci\u00f3n de la ONU sobre el Territorio Palestino Ocupado, incluyendo Jerusal\u00e9n Este e Israel, dijo en un informe que \u00ablos da\u00f1os y las v\u00edctimas causados por los ataques israel\u00edes\u00bb contra Gaza \u00abno eran proporcionales a la ventaja militar y por lo tanto las acciones constituyen un crimen de guerra\u00bb, a\u00f1adi\u00f3.<\/p>\n<p style=\"text-align: justify;\">Al menos cinco mil 182 perdieron la vida y otros 17 mil 101 resultaron heridos en los territorios ocupados, la mayor\u00eda en la Franja de Gaza, 17 d\u00edas despu\u00e9s del inicio de los ataques israel\u00edes, seg\u00fan fuentes oficiales.<\/p>\n<p style=\"text-align: justify;\">Si bien la administraci\u00f3n Biden ayud\u00f3 a negociar un acuerdo para permitir la entrada de ayuda humanitaria limitada a Gaza a trav\u00e9s de su frontera con Egipto, aqu\u00ed los l\u00edderes se han negado a pedir un alto el fuego y contin\u00faa el compromiso de seguir armando al ej\u00e9rcito israel\u00ed mientras se prepara para una invasi\u00f3n terrestre.<\/p>\n<p style=\"text-align: justify;\">Israel, que ya era el mayor receptor de asistencia militar estadounidense, recibi\u00f3 en los \u00faltimos d\u00edas las llamadas \u00abbombas inteligentes\u00bb y otras armas.<\/p>\n<p style=\"text-align: justify;\"><img loading=\"lazy\" decoding=\"async\" class=\"size-medium wp-image-312444 alignleft\" src=\"http:\/\/sana.sy\/es\/wp-content\/uploads\/2023\/10\/photo_2023-10-23_22-20-58-300x169.jpg\" alt=\"\" width=\"300\" height=\"169\" srcset=\"https:\/\/archive.sana.sy\/es\/wp-content\/uploads\/2023\/10\/photo_2023-10-23_22-20-58-300x169.jpg 300w, https:\/\/archive.sana.sy\/es\/wp-content\/uploads\/2023\/10\/photo_2023-10-23_22-20-58-1024x576.jpg 1024w, https:\/\/archive.sana.sy\/es\/wp-content\/uploads\/2023\/10\/photo_2023-10-23_22-20-58-150x84.jpg 150w, https:\/\/archive.sana.sy\/es\/wp-content\/uploads\/2023\/10\/photo_2023-10-23_22-20-58-768x432.jpg 768w, https:\/\/archive.sana.sy\/es\/wp-content\/uploads\/2023\/10\/photo_2023-10-23_22-20-58.jpg 1280w\" sizes=\"(max-width: 300px) 100vw, 300px\" \/>Adem\u00e1s, Biden solicit\u00f3 al Congreso de Estados Unidos apruebe un nuevo paquete de ayuda militar valorado en 105 mil millones de d\u00f3lares, destinado en particular a Israel y Ucrania.<\/p>\n<p style=\"text-align: justify;\">Nadie deb\u00eda morir. Ni de un lado ni de otro. Tal vez, como dijo John Lennon \u00abtodos hablamos de revoluci\u00f3n, evoluci\u00f3n, devoraci\u00f3n, flagelaci\u00f3n, regulaciones, integraciones, meditaciones, Naciones Unidas\u2026Todo lo que decimos es d\u00e9mosle una oportunidad a la paz\u201d.<\/p>\n<p style=\"text-align: justify;\">Para los palestinos esa paz, hasta ahora esquiva, tendr\u00eda que asentarse en el reconocimiento de esos 75 a\u00f1os de sufrimiento y despojo de sus leg\u00edtimas tierras.<\/p>\n<p style=\"text-align: justify;\"><strong>Por Deisy Francis Mexidor<\/strong><br \/>\n<strong>Fuente: Prensa Latina<\/strong><\/p>\n","protected":false},"excerpt":{"rendered":"<p>Ni\u00f1os temblando de miedo por las bombas israel\u00edes, cuerpos envueltos en s\u00e1banas blancas, destrucci\u00f3n, los ciudadanos de Estados Unidos observan hoy por la TV, como la noticia del d\u00eda, el genocidio de Israel en Gaza. Damasco, 24 oct (SANA)\u00a0 \u00a0Ni\u00f1os temblando de miedo por las bombas israel\u00edes, cuerpos envueltos en s\u00e1banas blancas, destrucci\u00f3n, los ciudadanos &hellip;<\/p>\n","protected":false},"author":34,"featured_media":312441,"comment_status":"closed","ping_status":"closed","sticky":false,"template":"","format":"standard","meta":{"footnotes":""},"categories":[597,456,20724,7541],"tags":[],"class_list":["post-312440","post","type-post","status-publish","format-standard","has-post-thumbnail","","category-cinta-de-noticias","category-arabe-internacional-politica","category-minuto-a-minuto","category-ultimas-noticias"],"_links":{"self":[{"href":"https:\/\/archive.sana.sy\/es\/index.php?rest_route=\/wp\/v2\/posts\/312440"}],"collection":[{"href":"https:\/\/archive.sana.sy\/es\/index.php?rest_route=\/wp\/v2\/posts"}],"about":[{"href":"https:\/\/archive.sana.sy\/es\/index.php?rest_route=\/wp\/v2\/types\/post"}],"author":[{"embeddable":true,"href":"https:\/\/archive.sana.sy\/es\/index.php?rest_route=\/wp\/v2\/users\/34"}],"replies":[{"embeddable":true,"href":"https:\/\/archive.sana.sy\/es\/index.php?rest_route=%2Fwp%2Fv2%2Fcomments&post=312440"}],"version-history":[{"count":2,"href":"https:\/\/archive.sana.sy\/es\/index.php?rest_route=\/wp\/v2\/posts\/312440\/revisions"}],"predecessor-version":[{"id":312446,"href":"https:\/\/archive.sana.sy\/es\/index.php?rest_route=\/wp\/v2\/posts\/312440\/revisions\/312446"}],"wp:featuredmedia":[{"embeddable":true,"href":"https:\/\/archive.sana.sy\/es\/index.php?rest_route=\/wp\/v2\/media\/312441"}],"wp:attachment":[{"href":"https:\/\/archive.sana.sy\/es\/index.php?rest_route=%2Fwp%2Fv2%2Fmedia&parent=312440"}],"wp:term":[{"taxonomy":"category","embeddable":true,"href":"https:\/\/archive.sana.sy\/es\/index.php?rest_route=%2Fwp%2Fv2%2Fcategories&post=312440"},{"taxonomy":"post_tag","embeddable":true,"href":"https:\/\/archive.sana.sy\/es\/index.php?rest_route=%2Fwp%2Fv2%2Ftags&post=312440"}],"curies":[{"name":"wp","href":"https:\/\/api.w.org\/{rel}","templated":true}]}}