{"id":312471,"date":"2023-10-24T12:09:41","date_gmt":"2023-10-24T09:09:41","guid":{"rendered":"https:\/\/sana.sy\/es\/?p=312471"},"modified":"2023-10-28T15:50:13","modified_gmt":"2023-10-28T12:50:13","slug":"el-minuto-a-minuto-del-decimo-octavo-dia-de-la-operacion-diluvio-de-al-aqsa-%f0%9f%87%b5%f0%9f%87%b8","status":"publish","type":"post","link":"https:\/\/archive.sana.sy\/es\/?p=312471","title":{"rendered":"\u00a0El minuto a minuto del d\u00e9cimo octavo \u00a0d\u00eda de la operaci\u00f3n \u2018Diluvio de Al-Aqsa\u2019 ????????"},"content":{"rendered":"<p style=\"text-align: justify;\"><span style=\"color: #800000;\"><strong>Jerusal\u00e9n ocupada, 24 oct (SANA)<\/strong><\/span><em><strong> A continuaci\u00f3n, los principales acontecimientos relativos al d\u00e9cimo octavo d\u00eda de la operaci\u00f3n \u2018Diluvio de Al-Aqsa\u2019, lanzada por la resistencia palestina en respuesta a las agresiones israel\u00edes:<\/strong><\/em><\/p>\n<p style=\"text-align: justify;\">????????Medios palestinos:\u00a0 &#8220;Israel&#8221; bombardea un mercado en el campo de Nuseirat en el centro de la Franja de Gaza, dejando decenas de palestinos entre muertos y lesionados<\/p>\n<p style=\"text-align: justify;\">????????M\u00e1s de 5300 muertos y de 18000 heridos por el genocidio israel\u00ed contra los palestinos en Gaza.<\/p>\n<p style=\"text-align: justify;\">????????Fuentes m\u00e9dicas palestinas: M\u00e1s de 135 palestinos, la mayor\u00eda ni\u00f1os, murieron por bombardeos israel\u00edes contra la Franja de Gaza en las \u00faltimas horas.<\/p>\n<p style=\"text-align: justify;\">????????Fuentes m\u00e9dicas palestinas: m\u00e1s de 135 palestinos murieron en las recientes horas por la continua agresi\u00f3n israel\u00ed contra Gaza.<\/p>\n<p style=\"text-align: justify;\">????????La resistencia palestina derriba un dron israel\u00ed en la localidad de Jaba, cerca de Yen\u00edn , en Cisjordania.<\/p>\n<p style=\"text-align: justify;\">????????Ministerio de Salud palestino eleva a 5.300 la cifra de muertos y a 18.000 los heridos por la actual agresi\u00f3n israel\u00ed contra la Franja de Gaza.<\/p>\n<p style=\"text-align: justify;\">????????Un palestino muri\u00f3 y otros cuatro resultaron heridos como consecuencia del bombardeo israel\u00ed a una casa en el barrio de Tal Al-Sultan, al oeste de la ciudad de Rafah, al sur de la Franja de Gaza.<\/p>\n<p style=\"text-align: justify;\">????????Reportan bombardeo a\u00e9reo israel\u00ed contra una escuela de ni\u00f1as afiliada a la UNRWA, en la ciudad de Rafah en el sur de Gaza, que alberga gran n\u00famero de desplazados.<\/p>\n<p style=\"text-align: justify;\">????????El n\u00famero de muertos palestinos aument\u00f3 a 57, entre ellos ni\u00f1os, por los bombardeos de la aviaci\u00f3n b\u00e9lica israel\u00ed contra varias viviendas en las ciudades de Khan Yunis y Rafah, en el sur de la Franja de Gaza.<\/p>\n<p style=\"text-align: justify;\">???????? Medios de prensa israel\u00edes reconocen que un soldado israel\u00ed result\u00f3 herido por la explosi\u00f3n de un artefacto explosivo durante un asalto de las fuerzas de ocupaci\u00f3n a la ciudad de Burqa, al noroeste de la ciudad de Naplusa, en Cisjordania.<\/p>\n<p>fm\/ed<\/p>\n","protected":false},"excerpt":{"rendered":"<p>Jerusal\u00e9n ocupada, 24 oct (SANA) A continuaci\u00f3n, los principales acontecimientos relativos al d\u00e9cimo octavo d\u00eda de la operaci\u00f3n \u2018Diluvio de Al-Aqsa\u2019, lanzada por la resistencia palestina en respuesta a las agresiones israel\u00edes: ????????Medios palestinos:\u00a0 &#8220;Israel&#8221; bombardea un mercado en el campo de Nuseirat en el centro de la Franja de Gaza, dejando decenas de palestinos &hellip;<\/p>\n","protected":false},"author":32,"featured_media":312472,"comment_status":"closed","ping_status":"closed","sticky":false,"template":"","format":"standard","meta":{"footnotes":""},"categories":[597,456,16687,20724,583],"tags":[],"class_list":["post-312471","post","type-post","status-publish","format-standard","has-post-thumbnail","","category-cinta-de-noticias","category-arabe-internacional-politica","category-internacionales","category-minuto-a-minuto","category-slide"],"_links":{"self":[{"href":"https:\/\/archive.sana.sy\/es\/index.php?rest_route=\/wp\/v2\/posts\/312471"}],"collection":[{"href":"https:\/\/archive.sana.sy\/es\/index.php?rest_route=\/wp\/v2\/posts"}],"about":[{"href":"https:\/\/archive.sana.sy\/es\/index.php?rest_route=\/wp\/v2\/types\/post"}],"author":[{"embeddable":true,"href":"https:\/\/archive.sana.sy\/es\/index.php?rest_route=\/wp\/v2\/users\/32"}],"replies":[{"embeddable":true,"href":"https:\/\/archive.sana.sy\/es\/index.php?rest_route=%2Fwp%2Fv2%2Fcomments&post=312471"}],"version-history":[{"count":3,"href":"https:\/\/archive.sana.sy\/es\/index.php?rest_route=\/wp\/v2\/posts\/312471\/revisions"}],"predecessor-version":[{"id":312789,"href":"https:\/\/archive.sana.sy\/es\/index.php?rest_route=\/wp\/v2\/posts\/312471\/revisions\/312789"}],"wp:featuredmedia":[{"embeddable":true,"href":"https:\/\/archive.sana.sy\/es\/index.php?rest_route=\/wp\/v2\/media\/312472"}],"wp:attachment":[{"href":"https:\/\/archive.sana.sy\/es\/index.php?rest_route=%2Fwp%2Fv2%2Fmedia&parent=312471"}],"wp:term":[{"taxonomy":"category","embeddable":true,"href":"https:\/\/archive.sana.sy\/es\/index.php?rest_route=%2Fwp%2Fv2%2Fcategories&post=312471"},{"taxonomy":"post_tag","embeddable":true,"href":"https:\/\/archive.sana.sy\/es\/index.php?rest_route=%2Fwp%2Fv2%2Ftags&post=312471"}],"curies":[{"name":"wp","href":"https:\/\/api.w.org\/{rel}","templated":true}]}}