{"id":312504,"date":"2023-10-24T15:32:45","date_gmt":"2023-10-24T12:32:45","guid":{"rendered":"https:\/\/sana.sy\/es\/?p=312504"},"modified":"2023-10-24T17:42:14","modified_gmt":"2023-10-24T14:42:14","slug":"%f0%9f%87%b8%f0%9f%87%be-ejercito-sirio-elimina-a-grupo-terrorista-de-daesh","status":"publish","type":"post","link":"https:\/\/archive.sana.sy\/es\/?p=312504","title":{"rendered":"Ej\u00e9rcito sirio elimina a grupo terrorista de Daesh"},"content":{"rendered":"<p style=\"text-align: justify;\"><span style=\"color: #800000;\"><strong> Raqa, 24 oct (SANA)\u00a0 \u00a0<\/strong><\/span>El Ministerio de Defensa de Siria inform\u00f3 hoy que los uniformados sirios eliminaron a un grupo terrorista que preparaba una emboscada en la carretera entre Raqa y Atherya.<\/p>\n<p style=\"text-align: justify;\">\u201cTras operaciones de vigilancia y seguimiento a los movimientos de los grupos terroristas y sus continuos intentos de atacar a civiles inocentes, una banda del grupo terrorista Daesh fue avistada en la madrugada de este martes preparando una emboscada en la carretera principal al este de Atherya\u201d, inform\u00f3 el ente castrense.<\/p>\n<p style=\"text-align: justify;\">Agreg\u00f3 que el ej\u00e9rcito atac\u00f3 a los terroristas y elimin\u00f3 a varios de ellos e hiri\u00f3 a otros.<\/p>\n<p style=\"text-align: justify;\">fm\/ed<\/p>\n","protected":false},"excerpt":{"rendered":"<p>Raqa, 24 oct (SANA)\u00a0 \u00a0El Ministerio de Defensa de Siria inform\u00f3 hoy que los uniformados sirios eliminaron a un grupo terrorista que preparaba una emboscada en la carretera entre Raqa y Atherya. \u201cTras operaciones de vigilancia y seguimiento a los movimientos de los grupos terroristas y sus continuos intentos de atacar a civiles inocentes, una &hellip;<\/p>\n","protected":false},"author":32,"featured_media":312513,"comment_status":"closed","ping_status":"closed","sticky":false,"template":"","format":"standard","meta":{"footnotes":""},"categories":[477,447,597,573,20724,476,583],"tags":[],"class_list":["post-312504","post","type-post","status-publish","format-standard","has-post-thumbnail","","category-noticias-edulcorantes","category-local-politica","category-cinta-de-noticias","category-la-realidad-de-los-acontecimientos-en-siria","category-minuto-a-minuto","category-locales","category-slide"],"_links":{"self":[{"href":"https:\/\/archive.sana.sy\/es\/index.php?rest_route=\/wp\/v2\/posts\/312504"}],"collection":[{"href":"https:\/\/archive.sana.sy\/es\/index.php?rest_route=\/wp\/v2\/posts"}],"about":[{"href":"https:\/\/archive.sana.sy\/es\/index.php?rest_route=\/wp\/v2\/types\/post"}],"author":[{"embeddable":true,"href":"https:\/\/archive.sana.sy\/es\/index.php?rest_route=\/wp\/v2\/users\/32"}],"replies":[{"embeddable":true,"href":"https:\/\/archive.sana.sy\/es\/index.php?rest_route=%2Fwp%2Fv2%2Fcomments&post=312504"}],"version-history":[{"count":2,"href":"https:\/\/archive.sana.sy\/es\/index.php?rest_route=\/wp\/v2\/posts\/312504\/revisions"}],"predecessor-version":[{"id":312507,"href":"https:\/\/archive.sana.sy\/es\/index.php?rest_route=\/wp\/v2\/posts\/312504\/revisions\/312507"}],"wp:featuredmedia":[{"embeddable":true,"href":"https:\/\/archive.sana.sy\/es\/index.php?rest_route=\/wp\/v2\/media\/312513"}],"wp:attachment":[{"href":"https:\/\/archive.sana.sy\/es\/index.php?rest_route=%2Fwp%2Fv2%2Fmedia&parent=312504"}],"wp:term":[{"taxonomy":"category","embeddable":true,"href":"https:\/\/archive.sana.sy\/es\/index.php?rest_route=%2Fwp%2Fv2%2Fcategories&post=312504"},{"taxonomy":"post_tag","embeddable":true,"href":"https:\/\/archive.sana.sy\/es\/index.php?rest_route=%2Fwp%2Fv2%2Ftags&post=312504"}],"curies":[{"name":"wp","href":"https:\/\/api.w.org\/{rel}","templated":true}]}}